{"id":60006,"date":"2012-03-31T06:45:48","date_gmt":"2012-03-31T04:45:48","guid":{"rendered":"http:\/\/araba.partidoequo.es\/?p=1101"},"modified":"2012-03-31T06:45:48","modified_gmt":"2012-03-31T04:45:48","slug":"equo-advierte-que-los-presupuestos-presentados-llevan-a-nuestro-pais-a-la-paralizacion-economica-y-a-perpetuar-la-crisis","status":"publish","type":"post","link":"https:\/\/euskadi.verdesequo.es\/EU\/2012\/03\/31\/equo-advierte-que-los-presupuestos-presentados-llevan-a-nuestro-pais-a-la-paralizacion-economica-y-a-perpetuar-la-crisis\/","title":{"rendered":"EQUO advierte que los Presupuestos presentados llevan a nuestro pa\u00eds a la paralizaci\u00f3n econ\u00f3mica y a perpetuar la crisis"},"content":{"rendered":"<p class=\"qtranxs-available-languages-message qtranxs-available-languages-message-EU\">Barkatu, hau ez dago euskararaturik oraindik...<\/p>","protected":false},"excerpt":{"rendered":"<p>Barkatu, hau ez dago euskararaturik oraindik&#8230;<\/p>\n","protected":false},"author":1,"featured_media":1102,"comment_status":"open","ping_status":"open","sticky":false,"template":"","format":"standard","meta":{"footnotes":""},"categories":[5,880],"tags":[176,8,193,13],"class_list":{"0":"post-60006","1":"post","2":"type-post","3":"status-publish","4":"format-standard","5":"has-post-thumbnail","7":"category-noticias","8":"category-alava","9":"tag-crisis","10":"tag-equo","11":"tag-presupuestos","12":"tag-recortes","13":"czr-hentry"},"aioseo_notices":[],"_links":{"self":[{"href":"https:\/\/euskadi.verdesequo.es\/EU\/wp-json\/wp\/v2\/posts\/60006","targetHints":{"allow":["GET"]}}],"collection":[{"href":"https:\/\/euskadi.verdesequo.es\/EU\/wp-json\/wp\/v2\/posts"}],"about":[{"href":"https:\/\/euskadi.verdesequo.es\/EU\/wp-json\/wp\/v2\/types\/post"}],"author":[{"embeddable":true,"href":"https:\/\/euskadi.verdesequo.es\/EU\/wp-json\/wp\/v2\/users\/1"}],"replies":[{"embeddable":true,"href":"https:\/\/euskadi.verdesequo.es\/EU\/wp-json\/wp\/v2\/comments?post=60006"}],"version-history":[{"count":0,"href":"https:\/\/euskadi.verdesequo.es\/EU\/wp-json\/wp\/v2\/posts\/60006\/revisions"}],"wp:featuredmedia":[{"embeddable":true,"href":"https:\/\/euskadi.verdesequo.es\/EU\/wp-json\/wp\/v2\/posts\/1102"}],"wp:attachment":[{"href":"https:\/\/euskadi.verdesequo.es\/EU\/wp-json\/wp\/v2\/media?parent=60006"}],"wp:term":[{"taxonomy":"category","embeddable":true,"href":"https:\/\/euskadi.verdesequo.es\/EU\/wp-json\/wp\/v2\/categories?post=60006"},{"taxonomy":"post_tag","embeddable":true,"href":"https:\/\/euskadi.verdesequo.es\/EU\/wp-json\/wp\/v2\/tags?post=60006"}],"curies":[{"name":"wp","href":"https:\/\/api.w.org\/{rel}","templated":true}]}}