{"id":59992,"date":"2012-02-11T09:57:56","date_gmt":"2012-02-11T08:57:56","guid":{"rendered":"http:\/\/araba.partidoequo.es\/?p=936"},"modified":"2012-02-11T09:57:56","modified_gmt":"2012-02-11T08:57:56","slug":"equo-rechaza-la-reforma-laboral-porque-no-creara-empleo-pero-si-mas-despidos","status":"publish","type":"post","link":"https:\/\/euskadi.verdesequo.es\/EU\/2012\/02\/11\/equo-rechaza-la-reforma-laboral-porque-no-creara-empleo-pero-si-mas-despidos\/","title":{"rendered":"EQUO rechaza la reforma laboral porque no crear\u00e1 empleo pero s\u00ed m\u00e1s despidos"},"content":{"rendered":"<p class=\"qtranxs-available-languages-message qtranxs-available-languages-message-EU\">Barkatu, hau ez dago euskararaturik oraindik...<\/p>","protected":false},"excerpt":{"rendered":"<p>Barkatu, hau ez dago euskararaturik oraindik&#8230;<\/p>\n","protected":false},"author":1,"featured_media":938,"comment_status":"open","ping_status":"open","sticky":false,"template":"","format":"standard","meta":{"footnotes":""},"categories":[5,880],"tags":[8,14,917],"class_list":{"0":"post-59992","1":"post","2":"type-post","3":"status-publish","4":"format-standard","5":"has-post-thumbnail","7":"category-noticias","8":"category-alava","9":"tag-equo","10":"tag-justicia-social","11":"tag-reforma-laboral","12":"czr-hentry"},"aioseo_notices":[],"_links":{"self":[{"href":"https:\/\/euskadi.verdesequo.es\/EU\/wp-json\/wp\/v2\/posts\/59992","targetHints":{"allow":["GET"]}}],"collection":[{"href":"https:\/\/euskadi.verdesequo.es\/EU\/wp-json\/wp\/v2\/posts"}],"about":[{"href":"https:\/\/euskadi.verdesequo.es\/EU\/wp-json\/wp\/v2\/types\/post"}],"author":[{"embeddable":true,"href":"https:\/\/euskadi.verdesequo.es\/EU\/wp-json\/wp\/v2\/users\/1"}],"replies":[{"embeddable":true,"href":"https:\/\/euskadi.verdesequo.es\/EU\/wp-json\/wp\/v2\/comments?post=59992"}],"version-history":[{"count":0,"href":"https:\/\/euskadi.verdesequo.es\/EU\/wp-json\/wp\/v2\/posts\/59992\/revisions"}],"wp:featuredmedia":[{"embeddable":true,"href":"https:\/\/euskadi.verdesequo.es\/EU\/wp-json\/"}],"wp:attachment":[{"href":"https:\/\/euskadi.verdesequo.es\/EU\/wp-json\/wp\/v2\/media?parent=59992"}],"wp:term":[{"taxonomy":"category","embeddable":true,"href":"https:\/\/euskadi.verdesequo.es\/EU\/wp-json\/wp\/v2\/categories?post=59992"},{"taxonomy":"post_tag","embeddable":true,"href":"https:\/\/euskadi.verdesequo.es\/EU\/wp-json\/wp\/v2\/tags?post=59992"}],"curies":[{"name":"wp","href":"https:\/\/api.w.org\/{rel}","templated":true}]}}