{"id":59989,"date":"2012-08-21T12:19:17","date_gmt":"2012-08-21T10:19:17","guid":{"rendered":"http:\/\/araba.partidoequo.es\/?p=1407"},"modified":"2012-08-21T12:19:17","modified_gmt":"2012-08-21T10:19:17","slug":"equo-euskadi-celebra-la-decision-del-alcalde-de-donostia-que-supondra-que-no-se-celebren-corridas-de-toros-el-ano-proximo-en-esa-ciudad","status":"publish","type":"post","link":"https:\/\/euskadi.verdesequo.es\/EU\/2012\/08\/21\/equo-euskadi-celebra-la-decision-del-alcalde-de-donostia-que-supondra-que-no-se-celebren-corridas-de-toros-el-ano-proximo-en-esa-ciudad\/","title":{"rendered":"EQUO Euskadi celebra la decisi\u00f3n del Alcalde de Donostia que supondr\u00e1 que no se celebren corridas de toros el a\u00f1o pr\u00f3ximo en esa ciudad"},"content":{"rendered":"<p class=\"qtranxs-available-languages-message qtranxs-available-languages-message-EU\">Barkatu, hau ez dago euskararaturik oraindik...<\/p>","protected":false},"excerpt":{"rendered":"<p>Barkatu, hau ez dago euskararaturik oraindik&#8230;<\/p>\n","protected":false},"author":1,"featured_media":1390,"comment_status":"open","ping_status":"open","sticky":false,"template":"","format":"standard","meta":{"footnotes":""},"categories":[5,880],"tags":[939,8],"class_list":{"0":"post-59989","1":"post","2":"type-post","3":"status-publish","4":"format-standard","5":"has-post-thumbnail","7":"category-noticias","8":"category-alava","9":"tag-antitaurinos","10":"tag-equo","11":"czr-hentry"},"aioseo_notices":[],"_links":{"self":[{"href":"https:\/\/euskadi.verdesequo.es\/EU\/wp-json\/wp\/v2\/posts\/59989","targetHints":{"allow":["GET"]}}],"collection":[{"href":"https:\/\/euskadi.verdesequo.es\/EU\/wp-json\/wp\/v2\/posts"}],"about":[{"href":"https:\/\/euskadi.verdesequo.es\/EU\/wp-json\/wp\/v2\/types\/post"}],"author":[{"embeddable":true,"href":"https:\/\/euskadi.verdesequo.es\/EU\/wp-json\/wp\/v2\/users\/1"}],"replies":[{"embeddable":true,"href":"https:\/\/euskadi.verdesequo.es\/EU\/wp-json\/wp\/v2\/comments?post=59989"}],"version-history":[{"count":0,"href":"https:\/\/euskadi.verdesequo.es\/EU\/wp-json\/wp\/v2\/posts\/59989\/revisions"}],"wp:featuredmedia":[{"embeddable":true,"href":"https:\/\/euskadi.verdesequo.es\/EU\/wp-json\/"}],"wp:attachment":[{"href":"https:\/\/euskadi.verdesequo.es\/EU\/wp-json\/wp\/v2\/media?parent=59989"}],"wp:term":[{"taxonomy":"category","embeddable":true,"href":"https:\/\/euskadi.verdesequo.es\/EU\/wp-json\/wp\/v2\/categories?post=59989"},{"taxonomy":"post_tag","embeddable":true,"href":"https:\/\/euskadi.verdesequo.es\/EU\/wp-json\/wp\/v2\/tags?post=59989"}],"curies":[{"name":"wp","href":"https:\/\/api.w.org\/{rel}","templated":true}]}}