{"id":59971,"date":"2012-04-11T14:28:33","date_gmt":"2012-04-11T12:28:33","guid":{"rendered":"http:\/\/araba.partidoequo.es\/?p=1126"},"modified":"2012-04-11T14:28:33","modified_gmt":"2012-04-11T12:28:33","slug":"equo-euskadi-lamenta-la-muerte-de-inigo-cabacas","status":"publish","type":"post","link":"https:\/\/euskadi.verdesequo.es\/EU\/2012\/04\/11\/equo-euskadi-lamenta-la-muerte-de-inigo-cabacas\/","title":{"rendered":"EQUO Euskadi lamenta la muerte de I\u00f1igo Cabacas"},"content":{"rendered":"<p><\/p>\n<p align=\"JUSTIFY\"><span style=\"color: #008000;\"><span style=\"font-size: medium;\"><strong>EQUO Euskadi I\u00f1igo Cabacas-en heriotzaz damu da, bere familia eta lagunei dolumina adierazten die, eta gertatutakoaren argiketa sakon eta publikoa eskatzen du.<\/strong><\/span><\/span><\/p>\n<p align=\"JUSTIFY\">EQUO Euskadik Patxi L\u00f3pez lehendakariari gaur bertan bere hitza bete dezala eskatzen dio, I\u00f1igoren heriotzaren zergaitiak modu sakonean azalduz. Demokrazian beharrezkoa den zerbait da, are gehiago autopsiak argitu duenean gomazko pilota bat izan zela hil zuena.<\/p>\n<p align=\"JUSTIFY\">EQUO Euskadiren iritziz, su egin zuena ezin da zigorgabe gelditu, eta beharrezkoak direneko erantzunkizun penal guztiak bete behar ditu. Bere buruzagitzak ere erantzunkizun politikoak argitu behar ditu. Kontrolik gabekoak ez dira bat ere desiragarriak edozein taldean, baina onarteinak dira ertzaintza bezalako zerbitzu publikoetan.<\/p>\n<p align=\"JUSTIFY\">EQUO Euskadik, 2012ko amaierarako gomazko piloten erabilera alde batera uzteko Europear Komisioaren eskaera gogorarazi nahi du. Honek, ekidin zezakeen heriotz hau larriagotzen du, bai eskaeraren martxan jartzea aurreratu izan balitz, bai ertzaintzaren proportziozko indarren erabilera batekin.<\/p>\n<p align=\"JUSTIFY\">EQUO Euskadik ez luke nahiko berriz honelako heriotzaz damutu beharrik. I\u00f1igok bakarrik usten ditu bere aita eta ama, zeinen minarekin bat egin nahi dugun. EQUOk eskaera bat egin nahi die arduradunei: behin eta betikoz, hainbeste gizarte taldek egindako eskaerak entzutea, ertzaintzaren indarraren erabilera bidegabea eta disuasio-armen erabilera okerra alde batera utziz.<\/p>\n<p align=\"JUSTIFY\"><strong><span style=\"color: #008000;\"><span style=\"font-size: medium;\">EQUO Euskadi lamenta la muerte de I\u00f1igo Cabacas, transmite el p\u00e9same a sus familiares y amistades y exige una clarificaci\u00f3n exhaustiva y p\u00fablica de lo sucedido.<\/span><\/span><\/strong><\/p>\n<p align=\"JUSTIFY\">EQUO Euskadi emplaza al lehendakari Patxi L\u00f3pez a cumplir su palabra dada a lo largo del d\u00eda de hoy de &#8220;aclarar hasta el \u00faltimo extremo&#8221; las causas de la muerte de I\u00f1igo. Se trata de algo imprescindible en democracia, m\u00e1xime cuando la autopsia ha apuntado ya a que fue una pelota de goma la que le mat\u00f3.<\/p>\n<p align=\"JUSTIFY\">En opini\u00f3n de EQUO Euskadi, no puede quedar impune el autor material del disparo, que debe cumplir con cuantas responsabilidades penales correspondan, ni su jefatura que debe depurar sus responsabilidades pol\u00edticas. Los incontrolados son indeseables en cualquier colectivo pero intolerables en los que prestan servicios p\u00fablicos como la polic\u00eda.<\/p>\n<p align=\"JUSTIFY\">EQUO Euskadi quiere recordar que existe adem\u00e1s una exigencia de la Comisi\u00f3n Europea para abandonar el uso de pelotas de goma para finales de 2012 que no hace sino agravar este fallecimiento evitable, tanto si se hubiese adelantado la puesta en pr\u00e1ctica de esta exigencia como si se hubiese producido una actuaci\u00f3n proporcionada por parte de las fuerzas de orden p\u00fablico.<\/p>\n<p align=\"JUSTIFY\">EQUO Euskadi desea no tener que lamentar m\u00e1s muertes injustificadas como la de este joven que deja solos a su\u00a0<em>aita<\/em>\u00a0y a su\u00a0<em>ama<\/em>, con quienes nos solidarizamos. EQUO apela a los responsables a o\u00edr de una vez y por todas, las voces de tantos colectivos sociales que hace ya mucho tiempo vienen denunciando el uso injustificado de la fuerza y el incorrecto modo de empleo de las armas disuasorias por parte de la polic\u00eda auton\u00f3mica.<\/p>\n<p><\/p>","protected":false},"excerpt":{"rendered":"<p>EQUO Euskadi I\u00f1igo Cabacas-en heriotzaz damu da, bere familia eta lagunei dolumina adierazten die, eta gertatutakoaren argiketa sakon eta publikoa eskatzen du. EQUO Euskadik Patxi L\u00f3pez lehendakariari gaur bertan bere hitza bete dezala eskatzen dio, I\u00f1igoren heriotzaren zergaitiak modu sakonean azalduz. Demokrazian beharrezkoa den zerbait da, are gehiago autopsiak argitu duenean gomazko pilota bat izan [&hellip;]<\/p>\n","protected":false},"author":1,"featured_media":1134,"comment_status":"open","ping_status":"open","sticky":false,"template":"","format":"standard","meta":{"footnotes":""},"categories":[5,880],"tags":[34,181,930],"class_list":{"0":"post-59971","1":"post","2":"type-post","3":"status-publish","4":"format-standard","5":"has-post-thumbnail","7":"category-noticias","8":"category-alava","9":"tag-equo-euskadi-berdeak","10":"tag-ertzaintza","11":"tag-inigo-cabacas","12":"czr-hentry"},"aioseo_notices":[],"_links":{"self":[{"href":"https:\/\/euskadi.verdesequo.es\/EU\/wp-json\/wp\/v2\/posts\/59971","targetHints":{"allow":["GET"]}}],"collection":[{"href":"https:\/\/euskadi.verdesequo.es\/EU\/wp-json\/wp\/v2\/posts"}],"about":[{"href":"https:\/\/euskadi.verdesequo.es\/EU\/wp-json\/wp\/v2\/types\/post"}],"author":[{"embeddable":true,"href":"https:\/\/euskadi.verdesequo.es\/EU\/wp-json\/wp\/v2\/users\/1"}],"replies":[{"embeddable":true,"href":"https:\/\/euskadi.verdesequo.es\/EU\/wp-json\/wp\/v2\/comments?post=59971"}],"version-history":[{"count":0,"href":"https:\/\/euskadi.verdesequo.es\/EU\/wp-json\/wp\/v2\/posts\/59971\/revisions"}],"wp:featuredmedia":[{"embeddable":true,"href":"https:\/\/euskadi.verdesequo.es\/EU\/wp-json\/"}],"wp:attachment":[{"href":"https:\/\/euskadi.verdesequo.es\/EU\/wp-json\/wp\/v2\/media?parent=59971"}],"wp:term":[{"taxonomy":"category","embeddable":true,"href":"https:\/\/euskadi.verdesequo.es\/EU\/wp-json\/wp\/v2\/categories?post=59971"},{"taxonomy":"post_tag","embeddable":true,"href":"https:\/\/euskadi.verdesequo.es\/EU\/wp-json\/wp\/v2\/tags?post=59971"}],"curies":[{"name":"wp","href":"https:\/\/api.w.org\/{rel}","templated":true}]}}