{"id":59957,"date":"2012-09-06T13:31:03","date_gmt":"2012-09-06T11:31:03","guid":{"rendered":"http:\/\/araba.partidoequo.es\/?p=1454"},"modified":"2012-09-06T13:31:03","modified_gmt":"2012-09-06T11:31:03","slug":"equo-berdeak-registra-su-inscripcion-para-las-elecciones-convencida-de-hacerse-con-representacion-en-el-proximo-parlamento-vasco","status":"publish","type":"post","link":"https:\/\/euskadi.verdesequo.es\/EU\/2012\/09\/06\/equo-berdeak-registra-su-inscripcion-para-las-elecciones-convencida-de-hacerse-con-representacion-en-el-proximo-parlamento-vasco\/","title":{"rendered":"EQUO Berdeak registra su inscripci\u00f3n para las elecciones, convencida de hacerse con representaci\u00f3n en el pr\u00f3ximo Parlamento Vasco"},"content":{"rendered":"<p class=\"qtranxs-available-languages-message qtranxs-available-languages-message-EU\">Barkatu, hau ez dago euskararaturik oraindik...<\/p>","protected":false},"excerpt":{"rendered":"<p>Barkatu, hau ez dago euskararaturik oraindik&#8230;<\/p>\n","protected":false},"author":1,"featured_media":1455,"comment_status":"open","ping_status":"open","sticky":false,"template":"","format":"standard","meta":{"footnotes":""},"categories":[5,880],"tags":[56,36,764,55,944],"class_list":{"0":"post-59957","1":"post","2":"type-post","3":"status-publish","4":"format-standard","5":"has-post-thumbnail","7":"category-noticias","8":"category-alava","9":"tag-21o","10":"tag-elecciones-vascas","11":"tag-equo-berdeak","12":"tag-equoeuskadi-2","13":"tag-junta-electoral","14":"czr-hentry"},"aioseo_notices":[],"_links":{"self":[{"href":"https:\/\/euskadi.verdesequo.es\/EU\/wp-json\/wp\/v2\/posts\/59957","targetHints":{"allow":["GET"]}}],"collection":[{"href":"https:\/\/euskadi.verdesequo.es\/EU\/wp-json\/wp\/v2\/posts"}],"about":[{"href":"https:\/\/euskadi.verdesequo.es\/EU\/wp-json\/wp\/v2\/types\/post"}],"author":[{"embeddable":true,"href":"https:\/\/euskadi.verdesequo.es\/EU\/wp-json\/wp\/v2\/users\/1"}],"replies":[{"embeddable":true,"href":"https:\/\/euskadi.verdesequo.es\/EU\/wp-json\/wp\/v2\/comments?post=59957"}],"version-history":[{"count":0,"href":"https:\/\/euskadi.verdesequo.es\/EU\/wp-json\/wp\/v2\/posts\/59957\/revisions"}],"wp:featuredmedia":[{"embeddable":true,"href":"https:\/\/euskadi.verdesequo.es\/EU\/wp-json\/"}],"wp:attachment":[{"href":"https:\/\/euskadi.verdesequo.es\/EU\/wp-json\/wp\/v2\/media?parent=59957"}],"wp:term":[{"taxonomy":"category","embeddable":true,"href":"https:\/\/euskadi.verdesequo.es\/EU\/wp-json\/wp\/v2\/categories?post=59957"},{"taxonomy":"post_tag","embeddable":true,"href":"https:\/\/euskadi.verdesequo.es\/EU\/wp-json\/wp\/v2\/tags?post=59957"}],"curies":[{"name":"wp","href":"https:\/\/api.w.org\/{rel}","templated":true}]}}