{"id":58990,"date":"2011-10-24T01:22:32","date_gmt":"2011-10-23T23:22:32","guid":{"rendered":"http:\/\/equogipuzkoa.org\/?p=152"},"modified":"2017-11-30T10:05:38","modified_gmt":"2017-11-30T09:05:38","slug":"euskara-equo-gipuzkoa-denuncia-la-futura-tala-de-42-arboles-en-el-intituto-penaflorida-de-donostia-y-reclama-a-las-autoridades-una-solucion-ante-semejante-ataque-ecologico","status":"publish","type":"post","link":"https:\/\/euskadi.verdesequo.es\/EU\/2011\/10\/24\/euskara-equo-gipuzkoa-denuncia-la-futura-tala-de-42-arboles-en-el-intituto-penaflorida-de-donostia-y-reclama-a-las-autoridades-una-solucion-ante-semejante-ataque-ecologico\/","title":{"rendered":"(Castellano) EQUO Gipuzkoa denuncia la futura tala de 42 \u00e1rboles en el Intituto Pe\u00f1aflorida de Donostia y reclama a las autoridades una soluci\u00f3n ante  semejante ataque ecol\u00f3gico"},"content":{"rendered":"<p class=\"qtranxs-available-languages-message qtranxs-available-languages-message-EU\">Barkatu, hau ez dago euskararaturik oraindik...<\/p>","protected":false},"excerpt":{"rendered":"<p>Barkatu, hau ez dago euskararaturik oraindik&#8230;<\/p>\n","protected":false},"author":1,"featured_media":0,"comment_status":"closed","ping_status":"open","sticky":false,"template":"","format":"aside","meta":{"footnotes":""},"categories":[1596,1602,1600,881],"tags":[501,120],"class_list":{"0":"post-58990","1":"post","2":"type-post","3":"status-publish","4":"format-aside","6":"category-articulos","7":"category-equo","8":"category-z-blog-pgs-antiguas","9":"category-guipuzcoa","10":"tag-donostia","11":"tag-ecologia","12":"post_format-post-format-aside","13":"czr-hentry"},"aioseo_notices":[],"_links":{"self":[{"href":"https:\/\/euskadi.verdesequo.es\/EU\/wp-json\/wp\/v2\/posts\/58990","targetHints":{"allow":["GET"]}}],"collection":[{"href":"https:\/\/euskadi.verdesequo.es\/EU\/wp-json\/wp\/v2\/posts"}],"about":[{"href":"https:\/\/euskadi.verdesequo.es\/EU\/wp-json\/wp\/v2\/types\/post"}],"author":[{"embeddable":true,"href":"https:\/\/euskadi.verdesequo.es\/EU\/wp-json\/wp\/v2\/users\/1"}],"replies":[{"embeddable":true,"href":"https:\/\/euskadi.verdesequo.es\/EU\/wp-json\/wp\/v2\/comments?post=58990"}],"version-history":[{"count":1,"href":"https:\/\/euskadi.verdesequo.es\/EU\/wp-json\/wp\/v2\/posts\/58990\/revisions"}],"predecessor-version":[{"id":60321,"href":"https:\/\/euskadi.verdesequo.es\/EU\/wp-json\/wp\/v2\/posts\/58990\/revisions\/60321"}],"wp:attachment":[{"href":"https:\/\/euskadi.verdesequo.es\/EU\/wp-json\/wp\/v2\/media?parent=58990"}],"wp:term":[{"taxonomy":"category","embeddable":true,"href":"https:\/\/euskadi.verdesequo.es\/EU\/wp-json\/wp\/v2\/categories?post=58990"},{"taxonomy":"post_tag","embeddable":true,"href":"https:\/\/euskadi.verdesequo.es\/EU\/wp-json\/wp\/v2\/tags?post=58990"}],"curies":[{"name":"wp","href":"https:\/\/api.w.org\/{rel}","templated":true}]}}