{"id":55970,"date":"2017-10-16T09:29:02","date_gmt":"2017-10-16T07:29:02","guid":{"rendered":"http:\/\/araba.partidoequo.es\/?p=55970"},"modified":"2017-10-16T09:29:02","modified_gmt":"2017-10-16T07:29:02","slug":"instamos-al-gobierno-vasco-a-avanzar-hacia-la-alimentacion-ecologica-en-comedores-publicos-escolares-y-hospitales-2","status":"publish","type":"post","link":"https:\/\/euskadi.verdesequo.es\/EU\/2017\/10\/16\/instamos-al-gobierno-vasco-a-avanzar-hacia-la-alimentacion-ecologica-en-comedores-publicos-escolares-y-hospitales-2\/","title":{"rendered":"Instamos al Gobierno vasco a avanzar hacia la alimentaci\u00f3n ecol\u00f3gica en comedores p\u00fablicos escolares y hospitales"},"content":{"rendered":"<p class=\"qtranxs-available-languages-message qtranxs-available-languages-message-EU\">Barkatu, hau ez dago euskararaturik oraindik...<\/p>","protected":false},"excerpt":{"rendered":"<p class=\"qtranxs-available-languages-message qtranxs-available-languages-message-EU\">Barkatu, hau ez dago euskararaturik oraindik&#8230;<\/p>\n","protected":false},"author":1,"featured_media":55971,"comment_status":"open","ping_status":"open","sticky":false,"template":"","format":"standard","meta":{"footnotes":""},"categories":[5,880],"tags":[823,764,126,139],"class_list":{"0":"post-55970","1":"post","2":"type-post","3":"status-publish","4":"format-standard","5":"has-post-thumbnail","7":"category-noticias","8":"category-alava","9":"tag-agroecologia","10":"tag-equo-berdeak","11":"tag-gobierno-vasco","12":"tag-soberania-alimentaria","13":"czr-hentry"},"aioseo_notices":[],"_links":{"self":[{"href":"https:\/\/euskadi.verdesequo.es\/EU\/wp-json\/wp\/v2\/posts\/55970","targetHints":{"allow":["GET"]}}],"collection":[{"href":"https:\/\/euskadi.verdesequo.es\/EU\/wp-json\/wp\/v2\/posts"}],"about":[{"href":"https:\/\/euskadi.verdesequo.es\/EU\/wp-json\/wp\/v2\/types\/post"}],"author":[{"embeddable":true,"href":"https:\/\/euskadi.verdesequo.es\/EU\/wp-json\/wp\/v2\/users\/1"}],"replies":[{"embeddable":true,"href":"https:\/\/euskadi.verdesequo.es\/EU\/wp-json\/wp\/v2\/comments?post=55970"}],"version-history":[{"count":0,"href":"https:\/\/euskadi.verdesequo.es\/EU\/wp-json\/wp\/v2\/posts\/55970\/revisions"}],"wp:featuredmedia":[{"embeddable":true,"href":"https:\/\/euskadi.verdesequo.es\/EU\/wp-json\/"}],"wp:attachment":[{"href":"https:\/\/euskadi.verdesequo.es\/EU\/wp-json\/wp\/v2\/media?parent=55970"}],"wp:term":[{"taxonomy":"category","embeddable":true,"href":"https:\/\/euskadi.verdesequo.es\/EU\/wp-json\/wp\/v2\/categories?post=55970"},{"taxonomy":"post_tag","embeddable":true,"href":"https:\/\/euskadi.verdesequo.es\/EU\/wp-json\/wp\/v2\/tags?post=55970"}],"curies":[{"name":"wp","href":"https:\/\/api.w.org\/{rel}","templated":true}]}}