{"id":55967,"date":"2017-10-16T09:18:53","date_gmt":"2017-10-16T07:18:53","guid":{"rendered":"http:\/\/araba.partidoequo.es\/?p=55967"},"modified":"2017-10-16T09:18:53","modified_gmt":"2017-10-16T07:18:53","slug":"proponemos-la-creacion-de-la-oficina-municipal-de-vivienda-en-el-estudio-de-acceso-de-viviendas-vacias-a-jovenes","status":"publish","type":"post","link":"https:\/\/euskadi.verdesequo.es\/EU\/2017\/10\/16\/proponemos-la-creacion-de-la-oficina-municipal-de-vivienda-en-el-estudio-de-acceso-de-viviendas-vacias-a-jovenes\/","title":{"rendered":"Proponemos la creaci\u00f3n de la Oficina Municipal de Vivienda en el Estudio de acceso de viviendas vac\u00edas a j\u00f3venes"},"content":{"rendered":"<p class=\"qtranxs-available-languages-message qtranxs-available-languages-message-EU\">Barkatu, hau ez dago euskararaturik oraindik...<\/p>","protected":false},"excerpt":{"rendered":"<p class=\"qtranxs-available-languages-message qtranxs-available-languages-message-EU\">Barkatu, hau ez dago euskararaturik oraindik&#8230;<\/p>\n","protected":false},"author":1,"featured_media":53628,"comment_status":"open","ping_status":"open","sticky":false,"template":"","format":"standard","meta":{"footnotes":""},"categories":[5,880],"tags":[1006,1091,1579,584,1097],"class_list":{"0":"post-55967","1":"post","2":"type-post","3":"status-publish","4":"format-standard","5":"has-post-thumbnail","7":"category-noticias","8":"category-alava","9":"tag-ayuntamiento-de-vitoria-gasteiz","10":"tag-juventud","11":"tag-oficina","12":"tag-oscar-fernandez","13":"tag-vivienda","14":"czr-hentry"},"aioseo_notices":[],"_links":{"self":[{"href":"https:\/\/euskadi.verdesequo.es\/EU\/wp-json\/wp\/v2\/posts\/55967","targetHints":{"allow":["GET"]}}],"collection":[{"href":"https:\/\/euskadi.verdesequo.es\/EU\/wp-json\/wp\/v2\/posts"}],"about":[{"href":"https:\/\/euskadi.verdesequo.es\/EU\/wp-json\/wp\/v2\/types\/post"}],"author":[{"embeddable":true,"href":"https:\/\/euskadi.verdesequo.es\/EU\/wp-json\/wp\/v2\/users\/1"}],"replies":[{"embeddable":true,"href":"https:\/\/euskadi.verdesequo.es\/EU\/wp-json\/wp\/v2\/comments?post=55967"}],"version-history":[{"count":0,"href":"https:\/\/euskadi.verdesequo.es\/EU\/wp-json\/wp\/v2\/posts\/55967\/revisions"}],"wp:featuredmedia":[{"embeddable":true,"href":"https:\/\/euskadi.verdesequo.es\/EU\/wp-json\/"}],"wp:attachment":[{"href":"https:\/\/euskadi.verdesequo.es\/EU\/wp-json\/wp\/v2\/media?parent=55967"}],"wp:term":[{"taxonomy":"category","embeddable":true,"href":"https:\/\/euskadi.verdesequo.es\/EU\/wp-json\/wp\/v2\/categories?post=55967"},{"taxonomy":"post_tag","embeddable":true,"href":"https:\/\/euskadi.verdesequo.es\/EU\/wp-json\/wp\/v2\/tags?post=55967"}],"curies":[{"name":"wp","href":"https:\/\/api.w.org\/{rel}","templated":true}]}}