{"id":44930,"date":"2017-06-19T11:12:31","date_gmt":"2017-06-19T09:12:31","guid":{"rendered":"http:\/\/araba.partidoequo.es\/?p=44930"},"modified":"2017-06-19T11:12:31","modified_gmt":"2017-06-19T09:12:31","slug":"exigimos-la-ejecucion-subsidiaria-de-las-obras-de-rehabilitacion-del-palacio-de-los-alava","status":"publish","type":"post","link":"https:\/\/euskadi.verdesequo.es\/EU\/2017\/06\/19\/exigimos-la-ejecucion-subsidiaria-de-las-obras-de-rehabilitacion-del-palacio-de-los-alava\/","title":{"rendered":"Exigimos la ejecuci\u00f3n subsidiaria de las obras de rehabilitaci\u00f3n del Palacio de los \u00c1lava"},"content":{"rendered":"<p class=\"qtranxs-available-languages-message qtranxs-available-languages-message-EU\">Barkatu, hau ez dago euskararaturik oraindik...<\/p>","protected":false},"excerpt":{"rendered":"<p class=\"qtranxs-available-languages-message qtranxs-available-languages-message-EU\">Barkatu, hau ez dago euskararaturik oraindik&#8230;<\/p>\n","protected":false},"author":1,"featured_media":44931,"comment_status":"open","ping_status":"open","sticky":false,"template":"","format":"standard","meta":{"footnotes":""},"categories":[5,880],"tags":[1006,584,1548],"class_list":{"0":"post-44930","1":"post","2":"type-post","3":"status-publish","4":"format-standard","5":"has-post-thumbnail","7":"category-noticias","8":"category-alava","9":"tag-ayuntamiento-de-vitoria-gasteiz","10":"tag-oscar-fernandez","11":"tag-palacio-alava-esquivel","12":"czr-hentry"},"aioseo_notices":[],"_links":{"self":[{"href":"https:\/\/euskadi.verdesequo.es\/EU\/wp-json\/wp\/v2\/posts\/44930","targetHints":{"allow":["GET"]}}],"collection":[{"href":"https:\/\/euskadi.verdesequo.es\/EU\/wp-json\/wp\/v2\/posts"}],"about":[{"href":"https:\/\/euskadi.verdesequo.es\/EU\/wp-json\/wp\/v2\/types\/post"}],"author":[{"embeddable":true,"href":"https:\/\/euskadi.verdesequo.es\/EU\/wp-json\/wp\/v2\/users\/1"}],"replies":[{"embeddable":true,"href":"https:\/\/euskadi.verdesequo.es\/EU\/wp-json\/wp\/v2\/comments?post=44930"}],"version-history":[{"count":0,"href":"https:\/\/euskadi.verdesequo.es\/EU\/wp-json\/wp\/v2\/posts\/44930\/revisions"}],"wp:featuredmedia":[{"embeddable":true,"href":"https:\/\/euskadi.verdesequo.es\/EU\/wp-json\/"}],"wp:attachment":[{"href":"https:\/\/euskadi.verdesequo.es\/EU\/wp-json\/wp\/v2\/media?parent=44930"}],"wp:term":[{"taxonomy":"category","embeddable":true,"href":"https:\/\/euskadi.verdesequo.es\/EU\/wp-json\/wp\/v2\/categories?post=44930"},{"taxonomy":"post_tag","embeddable":true,"href":"https:\/\/euskadi.verdesequo.es\/EU\/wp-json\/wp\/v2\/tags?post=44930"}],"curies":[{"name":"wp","href":"https:\/\/api.w.org\/{rel}","templated":true}]}}