{"id":43188,"date":"2017-05-17T08:00:31","date_gmt":"2017-05-17T06:00:31","guid":{"rendered":"http:\/\/araba.partidoequo.es\/?p=43188"},"modified":"2017-05-17T08:00:31","modified_gmt":"2017-05-17T06:00:31","slug":"reclamamos-el-fin-de-toda-discriminacion-por-orientacion-sexual-e-identidad-de-genero","status":"publish","type":"post","link":"https:\/\/euskadi.verdesequo.es\/EU\/2017\/05\/17\/reclamamos-el-fin-de-toda-discriminacion-por-orientacion-sexual-e-identidad-de-genero\/","title":{"rendered":"Reclamamos el fin de toda discriminaci\u00f3n por orientaci\u00f3n sexual e identidad de g\u00e9nero"},"content":{"rendered":"<p class=\"qtranxs-available-languages-message qtranxs-available-languages-message-EU\">Barkatu, hau ez dago euskararaturik oraindik...<\/p>","protected":false},"excerpt":{"rendered":"<p class=\"qtranxs-available-languages-message qtranxs-available-languages-message-EU\">Barkatu, hau ez dago euskararaturik oraindik&#8230;<\/p>\n","protected":false},"author":1,"featured_media":42889,"comment_status":"open","ping_status":"open","sticky":false,"template":"","format":"standard","meta":{"footnotes":""},"categories":[5,880],"tags":[1531,8,574,289,787],"class_list":{"0":"post-43188","1":"post","2":"type-post","3":"status-publish","4":"format-standard","5":"has-post-thumbnail","7":"category-noticias","8":"category-alava","9":"tag-17m","10":"tag-equo","11":"tag-lgtbfobia","12":"tag-lgtbi","13":"tag-red-equo-lgtbi","14":"czr-hentry"},"aioseo_notices":[],"_links":{"self":[{"href":"https:\/\/euskadi.verdesequo.es\/EU\/wp-json\/wp\/v2\/posts\/43188","targetHints":{"allow":["GET"]}}],"collection":[{"href":"https:\/\/euskadi.verdesequo.es\/EU\/wp-json\/wp\/v2\/posts"}],"about":[{"href":"https:\/\/euskadi.verdesequo.es\/EU\/wp-json\/wp\/v2\/types\/post"}],"author":[{"embeddable":true,"href":"https:\/\/euskadi.verdesequo.es\/EU\/wp-json\/wp\/v2\/users\/1"}],"replies":[{"embeddable":true,"href":"https:\/\/euskadi.verdesequo.es\/EU\/wp-json\/wp\/v2\/comments?post=43188"}],"version-history":[{"count":0,"href":"https:\/\/euskadi.verdesequo.es\/EU\/wp-json\/wp\/v2\/posts\/43188\/revisions"}],"wp:featuredmedia":[{"embeddable":true,"href":"https:\/\/euskadi.verdesequo.es\/EU\/wp-json\/"}],"wp:attachment":[{"href":"https:\/\/euskadi.verdesequo.es\/EU\/wp-json\/wp\/v2\/media?parent=43188"}],"wp:term":[{"taxonomy":"category","embeddable":true,"href":"https:\/\/euskadi.verdesequo.es\/EU\/wp-json\/wp\/v2\/categories?post=43188"},{"taxonomy":"post_tag","embeddable":true,"href":"https:\/\/euskadi.verdesequo.es\/EU\/wp-json\/wp\/v2\/tags?post=43188"}],"curies":[{"name":"wp","href":"https:\/\/api.w.org\/{rel}","templated":true}]}}