{"id":43154,"date":"2017-05-09T11:04:19","date_gmt":"2017-05-09T09:04:19","guid":{"rendered":"http:\/\/araba.partidoequo.es\/?p=43154"},"modified":"2017-05-09T11:04:19","modified_gmt":"2017-05-09T09:04:19","slug":"queremos-que-vitoria-gasteiz-acelere-las-politicas-de-mitigacion-y-adaptacion-al-cambio-climatico","status":"publish","type":"post","link":"https:\/\/euskadi.verdesequo.es\/EU\/2017\/05\/09\/queremos-que-vitoria-gasteiz-acelere-las-politicas-de-mitigacion-y-adaptacion-al-cambio-climatico\/","title":{"rendered":"Queremos que Vitoria-Gasteiz acelere las pol\u00edticas de mitigaci\u00f3n y adaptaci\u00f3n al Cambio Clim\u00e1tico"},"content":{"rendered":"<p class=\"qtranxs-available-languages-message qtranxs-available-languages-message-EU\">Barkatu, hau ez dago euskararaturik oraindik...<\/p>","protected":false},"excerpt":{"rendered":"<p class=\"qtranxs-available-languages-message qtranxs-available-languages-message-EU\">Barkatu, hau ez dago euskararaturik oraindik&#8230;<\/p>\n","protected":false},"author":1,"featured_media":41350,"comment_status":"open","ping_status":"open","sticky":false,"template":"","format":"standard","meta":{"footnotes":""},"categories":[5,880],"tags":[1006,531,1530,584],"class_list":{"0":"post-43154","1":"post","2":"type-post","3":"status-publish","4":"format-standard","5":"has-post-thumbnail","7":"category-noticias","8":"category-alava","9":"tag-ayuntamiento-de-vitoria-gasteiz","10":"tag-cambio-climatico","11":"tag-foro-klimatek","12":"tag-oscar-fernandez","13":"czr-hentry"},"aioseo_notices":[],"_links":{"self":[{"href":"https:\/\/euskadi.verdesequo.es\/EU\/wp-json\/wp\/v2\/posts\/43154","targetHints":{"allow":["GET"]}}],"collection":[{"href":"https:\/\/euskadi.verdesequo.es\/EU\/wp-json\/wp\/v2\/posts"}],"about":[{"href":"https:\/\/euskadi.verdesequo.es\/EU\/wp-json\/wp\/v2\/types\/post"}],"author":[{"embeddable":true,"href":"https:\/\/euskadi.verdesequo.es\/EU\/wp-json\/wp\/v2\/users\/1"}],"replies":[{"embeddable":true,"href":"https:\/\/euskadi.verdesequo.es\/EU\/wp-json\/wp\/v2\/comments?post=43154"}],"version-history":[{"count":0,"href":"https:\/\/euskadi.verdesequo.es\/EU\/wp-json\/wp\/v2\/posts\/43154\/revisions"}],"wp:featuredmedia":[{"embeddable":true,"href":"https:\/\/euskadi.verdesequo.es\/EU\/wp-json\/"}],"wp:attachment":[{"href":"https:\/\/euskadi.verdesequo.es\/EU\/wp-json\/wp\/v2\/media?parent=43154"}],"wp:term":[{"taxonomy":"category","embeddable":true,"href":"https:\/\/euskadi.verdesequo.es\/EU\/wp-json\/wp\/v2\/categories?post=43154"},{"taxonomy":"post_tag","embeddable":true,"href":"https:\/\/euskadi.verdesequo.es\/EU\/wp-json\/wp\/v2\/tags?post=43154"}],"curies":[{"name":"wp","href":"https:\/\/api.w.org\/{rel}","templated":true}]}}