{"id":41303,"date":"2016-11-29T10:20:05","date_gmt":"2016-11-29T09:20:05","guid":{"rendered":"http:\/\/araba.partidoequo.es\/?p=41303"},"modified":"2016-11-29T10:20:05","modified_gmt":"2016-11-29T09:20:05","slug":"equo-propone-que-la-certificacion-biosphere-ayude-a-reducir-la-huella-ecologica-del-sector-turistico","status":"publish","type":"post","link":"https:\/\/euskadi.verdesequo.es\/EU\/2016\/11\/29\/equo-propone-que-la-certificacion-biosphere-ayude-a-reducir-la-huella-ecologica-del-sector-turistico\/","title":{"rendered":"EQUO propone que la certificaci\u00f3n Biosphere ayude a reducir la huella ecol\u00f3gica del sector tur\u00edstico"},"content":{"rendered":"<p class=\"qtranxs-available-languages-message qtranxs-available-languages-message-EU\">Barkatu, hau ez dago euskararaturik oraindik...<\/p>","protected":false},"excerpt":{"rendered":"<p class=\"qtranxs-available-languages-message qtranxs-available-languages-message-EU\">Barkatu, hau ez dago euskararaturik oraindik&#8230;<\/p>\n","protected":false},"author":1,"featured_media":26190,"comment_status":"open","ping_status":"open","sticky":false,"template":"","format":"standard","meta":{"footnotes":""},"categories":[5,880],"tags":[1446,1238,1354,484],"class_list":{"0":"post-41303","1":"post","2":"type-post","3":"status-publish","4":"format-standard","5":"has-post-thumbnail","7":"category-noticias","8":"category-alava","9":"tag-biosphere","10":"tag-huella-ecologica","11":"tag-turismo-sostenible","12":"tag-vitoria-gasteiz","13":"czr-hentry"},"aioseo_notices":[],"_links":{"self":[{"href":"https:\/\/euskadi.verdesequo.es\/EU\/wp-json\/wp\/v2\/posts\/41303","targetHints":{"allow":["GET"]}}],"collection":[{"href":"https:\/\/euskadi.verdesequo.es\/EU\/wp-json\/wp\/v2\/posts"}],"about":[{"href":"https:\/\/euskadi.verdesequo.es\/EU\/wp-json\/wp\/v2\/types\/post"}],"author":[{"embeddable":true,"href":"https:\/\/euskadi.verdesequo.es\/EU\/wp-json\/wp\/v2\/users\/1"}],"replies":[{"embeddable":true,"href":"https:\/\/euskadi.verdesequo.es\/EU\/wp-json\/wp\/v2\/comments?post=41303"}],"version-history":[{"count":0,"href":"https:\/\/euskadi.verdesequo.es\/EU\/wp-json\/wp\/v2\/posts\/41303\/revisions"}],"wp:featuredmedia":[{"embeddable":true,"href":"https:\/\/euskadi.verdesequo.es\/EU\/wp-json\/"}],"wp:attachment":[{"href":"https:\/\/euskadi.verdesequo.es\/EU\/wp-json\/wp\/v2\/media?parent=41303"}],"wp:term":[{"taxonomy":"category","embeddable":true,"href":"https:\/\/euskadi.verdesequo.es\/EU\/wp-json\/wp\/v2\/categories?post=41303"},{"taxonomy":"post_tag","embeddable":true,"href":"https:\/\/euskadi.verdesequo.es\/EU\/wp-json\/wp\/v2\/tags?post=41303"}],"curies":[{"name":"wp","href":"https:\/\/api.w.org\/{rel}","templated":true}]}}