{"id":389,"date":"2012-09-23T11:21:17","date_gmt":"2012-09-23T09:21:17","guid":{"rendered":"http:\/\/euskadi.partidoequo.es\/?p=389"},"modified":"2012-09-23T11:21:17","modified_gmt":"2012-09-23T09:21:17","slug":"equo-asegura-que-reducir-el-uso-del-automovil-conlleva-beneficios-en-salud-calidad-de-vida-creacion-de-empleo-y-dependencia-energetica","status":"publish","type":"post","link":"https:\/\/euskadi.verdesequo.es\/EU\/2012\/09\/23\/equo-asegura-que-reducir-el-uso-del-automovil-conlleva-beneficios-en-salud-calidad-de-vida-creacion-de-empleo-y-dependencia-energetica\/","title":{"rendered":"(Castellano) EQUO asegura que reducir el uso del autom\u00f3vil conlleva beneficios en salud, calidad de vida, creaci\u00f3n de empleo y dependencia energ\u00e9tica"},"content":{"rendered":"<p class=\"qtranxs-available-languages-message qtranxs-available-languages-message-EU\">Barkatu, hau ez dago euskararaturik oraindik...<\/p>","protected":false},"excerpt":{"rendered":"<p>Barkatu, hau ez dago euskararaturik oraindik&#8230;<\/p>\n","protected":false},"author":1,"featured_media":390,"comment_status":"open","ping_status":"open","sticky":false,"template":"","format":"standard","meta":{"footnotes":""},"categories":[42,5],"tags":[492,17,57,12,54],"class_list":{"0":"post-389","1":"post","2":"type-post","3":"status-publish","4":"format-standard","5":"has-post-thumbnail","7":"category-notasprensa","8":"category-noticias","9":"tag-bizimartxa","10":"tag-ecoempleo","11":"tag-movilidad-sostenible-2","12":"tag-movilizaciones","13":"tag-sostenibilidad","14":"czr-hentry"},"aioseo_notices":[],"_links":{"self":[{"href":"https:\/\/euskadi.verdesequo.es\/EU\/wp-json\/wp\/v2\/posts\/389","targetHints":{"allow":["GET"]}}],"collection":[{"href":"https:\/\/euskadi.verdesequo.es\/EU\/wp-json\/wp\/v2\/posts"}],"about":[{"href":"https:\/\/euskadi.verdesequo.es\/EU\/wp-json\/wp\/v2\/types\/post"}],"author":[{"embeddable":true,"href":"https:\/\/euskadi.verdesequo.es\/EU\/wp-json\/wp\/v2\/users\/1"}],"replies":[{"embeddable":true,"href":"https:\/\/euskadi.verdesequo.es\/EU\/wp-json\/wp\/v2\/comments?post=389"}],"version-history":[{"count":7,"href":"https:\/\/euskadi.verdesequo.es\/EU\/wp-json\/wp\/v2\/posts\/389\/revisions"}],"predecessor-version":[{"id":397,"href":"https:\/\/euskadi.verdesequo.es\/EU\/wp-json\/wp\/v2\/posts\/389\/revisions\/397"}],"wp:featuredmedia":[{"embeddable":true,"href":"https:\/\/euskadi.verdesequo.es\/EU\/wp-json\/wp\/v2\/media\/390"}],"wp:attachment":[{"href":"https:\/\/euskadi.verdesequo.es\/EU\/wp-json\/wp\/v2\/media?parent=389"}],"wp:term":[{"taxonomy":"category","embeddable":true,"href":"https:\/\/euskadi.verdesequo.es\/EU\/wp-json\/wp\/v2\/categories?post=389"},{"taxonomy":"post_tag","embeddable":true,"href":"https:\/\/euskadi.verdesequo.es\/EU\/wp-json\/wp\/v2\/tags?post=389"}],"curies":[{"name":"wp","href":"https:\/\/api.w.org\/{rel}","templated":true}]}}