{"id":370,"date":"2012-09-22T14:56:55","date_gmt":"2012-09-22T12:56:55","guid":{"rendered":"http:\/\/euskadi.partidoequo.es\/?p=370"},"modified":"2012-09-22T14:56:55","modified_gmt":"2012-09-22T12:56:55","slug":"equo-berdeak-presenta-oficialmente-sus-listas-para-las-elecciones-del-21o","status":"publish","type":"post","link":"https:\/\/euskadi.verdesequo.es\/EU\/2012\/09\/22\/equo-berdeak-presenta-oficialmente-sus-listas-para-las-elecciones-del-21o\/","title":{"rendered":"Equo Berdeak aurkeztu du ofizialki U21eko Hauteskundeetarako hautagaien zerrendak"},"content":{"rendered":"<p><\/p>\n<p dir=\"ltr\"><a href=\"http:\/\/euskadi.partidoequo.es\/wp-content\/uploads\/2012\/09\/Presentaci\u00f3n-programa-y-candidatos-EQUO-Euskadi.jpg\"><img loading=\"lazy\" decoding=\"async\" class=\"alignleft\" title=\"Presentaci\u00f3n programa y candidatos EQUO Euskadi\" src=\"http:\/\/euskadi.partidoequo.es\/wp-content\/uploads\/2012\/09\/Presentaci\u00f3n-programa-y-candidatos-EQUO-Euskadi-300x225.jpg\" alt=\"Presentaci\u00f3n programa y candidatos EQUO Euskadi\" width=\"300\" height=\"225\" \/><\/a>Equo Berdeak Euskal Ekologistak Vitoria-Gasteizen aurkeztu ditu gaur goizean hiru lurraldeetarako hautagaiak eta programa elektorala. Arabako zerrenda burua eta lehendakari-gaia den Aitor Urrestirekin batera, Rosa Martinez izango da Bizkaiko zerrendaren lehenengoa eta Monica Monteagudo Gipuzkoakoa.<\/p>\n<p>Equo Berdeak Euskal Ekologistak berretsi du Eusko Legebiltzarrean sartzeko asmoa eta horretarako datozen hauteskundeetan programako lerro nagusiak eta eslogana aurkeztu du: Euskadik behar dituen energiak. \u00a0\u201cEuropako hainbat lekutan gobernuan dauden Partido Ekologisten arrakasta Euskadira ekartzeko aukera dugu -adierazi du Aitor Urrestik-. Alternatiba fresko, serioa eta bateratzailearen garaia da, Euskadi krisi honetatik indartuta atera dadin\u201d<\/p>\n<p>Equo Berdeak Euskal Ekologisten Hautagaien aurkezpena eta hauteskundeetarako programaren onespena Vitoria-Gasteizen izan den ekitaldi batean burutu da. Bertan egon dira Equoko bozemailea den Juantxo L\u00f3pez de Uralde, Valentziako Compromis-eko diputatua, Alice Leiciague\u00e7ahar Europe \u00c9cologie-Les Verts Iparralde eskualdeko diputatua eta Nafarroako Equoko ordezkariak, besteak beste.<\/p>\n<p>EQUO Euskadik, bere programan gaur egungo ereduaren aldaketa progresiboa proposatzen dio Euskadiko gizarteari. \u201cGreen New Deal\u201d izenarekin ezaguna den garapenaren modeloaren eskutik ekonomia berrindartu nahi du energia berriztagarriak, nekazaritza ekologikoa, arrantza sostengarria, etxebizitza eta urbanismoaren egokitzapena edota pertsonen zaintza bultzatuz, lanpostuak sortuz. Programaren beste atal garrantsitzuak dira demokraziaren erregenerazioa, energiaren modeloaren aldaketa edota gizatearen berdintasuna eta justizia areagotzea.<\/p>\n<div><\/div>\n<p><\/p>","protected":false},"excerpt":{"rendered":"<p>Equo Berdeak Euskal Ekologistak Vitoria-Gasteizen aurkeztu ditu gaur goizean hiru lurraldeetarako hautagaiak eta programa elektorala. Arabako zerrenda burua eta lehendakari-gaia den Aitor Urrestirekin batera, Rosa Martinez izango da Bizkaiko zerrendaren lehenengoa eta Monica Monteagudo Gipuzkoakoa. Equo Berdeak Euskal Ekologistak berretsi du Eusko Legebiltzarrean sartzeko asmoa eta horretarako datozen hauteskundeetan programako lerro nagusiak eta eslogana aurkeztu [&hellip;]<\/p>\n","protected":false},"author":1,"featured_media":372,"comment_status":"open","ping_status":"open","sticky":false,"template":"","format":"standard","meta":{"footnotes":""},"categories":[42,5],"tags":[56,481,36,491,34,485,486],"class_list":{"0":"post-370","1":"post","2":"type-post","3":"status-publish","4":"format-standard","5":"has-post-thumbnail","7":"category-notasprensa","8":"category-noticias","9":"tag-21o","10":"tag-aitor-urresti","11":"tag-elecciones-vascas","12":"tag-energia","13":"tag-equo-euskadi-berdeak","14":"tag-monica-monteagudo","15":"tag-rosa-martinez","16":"czr-hentry"},"aioseo_notices":[],"_links":{"self":[{"href":"https:\/\/euskadi.verdesequo.es\/EU\/wp-json\/wp\/v2\/posts\/370","targetHints":{"allow":["GET"]}}],"collection":[{"href":"https:\/\/euskadi.verdesequo.es\/EU\/wp-json\/wp\/v2\/posts"}],"about":[{"href":"https:\/\/euskadi.verdesequo.es\/EU\/wp-json\/wp\/v2\/types\/post"}],"author":[{"embeddable":true,"href":"https:\/\/euskadi.verdesequo.es\/EU\/wp-json\/wp\/v2\/users\/1"}],"replies":[{"embeddable":true,"href":"https:\/\/euskadi.verdesequo.es\/EU\/wp-json\/wp\/v2\/comments?post=370"}],"version-history":[{"count":4,"href":"https:\/\/euskadi.verdesequo.es\/EU\/wp-json\/wp\/v2\/posts\/370\/revisions"}],"predecessor-version":[{"id":375,"href":"https:\/\/euskadi.verdesequo.es\/EU\/wp-json\/wp\/v2\/posts\/370\/revisions\/375"}],"wp:featuredmedia":[{"embeddable":true,"href":"https:\/\/euskadi.verdesequo.es\/EU\/wp-json\/wp\/v2\/media\/372"}],"wp:attachment":[{"href":"https:\/\/euskadi.verdesequo.es\/EU\/wp-json\/wp\/v2\/media?parent=370"}],"wp:term":[{"taxonomy":"category","embeddable":true,"href":"https:\/\/euskadi.verdesequo.es\/EU\/wp-json\/wp\/v2\/categories?post=370"},{"taxonomy":"post_tag","embeddable":true,"href":"https:\/\/euskadi.verdesequo.es\/EU\/wp-json\/wp\/v2\/tags?post=370"}],"curies":[{"name":"wp","href":"https:\/\/api.w.org\/{rel}","templated":true}]}}