{"id":3491,"date":"2017-05-23T17:52:22","date_gmt":"2017-05-23T15:52:22","guid":{"rendered":"http:\/\/euskadi.partidoequo.es\/?p=3491"},"modified":"2017-05-23T18:00:23","modified_gmt":"2017-05-23T16:00:23","slug":"trasladamos-al-lehendakari-urkullu-nuestras-propuestas-de-economia-verde-para-crear-empleo-estable-en-euskadi","status":"publish","type":"post","link":"https:\/\/euskadi.verdesequo.es\/EU\/2017\/05\/23\/trasladamos-al-lehendakari-urkullu-nuestras-propuestas-de-economia-verde-para-crear-empleo-estable-en-euskadi\/","title":{"rendered":"EQUOk Euskadin enplegu egonkorra lortzeko ekonomia berdeari lotutako proposamenen berri eman dio Urkullu Lehendakariari"},"content":{"rendered":"<p><\/p>\n<ul>\n<li dir=\"ltr\">\n<p dir=\"ltr\">Alderdiak Lehendakariari eskatu dio aurrezkian, efizientzian eta berriztagarrietan oinarritutako energia-eredu bat berehala gara dezala Euskadirako<\/p>\n<\/li>\n<li dir=\"ltr\">\n<p dir=\"ltr\">Lehendakaritzan egin duten bileran, iazko azken Konferentzia Politikoan onartu zen Esparru Politiko Berriaren dokumentua entregatu dute<\/p>\n<\/li>\n<\/ul>\n<p dir=\"ltr\" style=\"text-align: justify;\">EQUO Euskadi gaur arratsaldean \u00cd\u00f1igo Urkullu lehendakariarekin eta bozeramaile eta Gobernantza Publiko eta Autogobernuko sailburu Josu Erkorekarekin bildu da, Lehendakaritzaren egoitzan.<\/p>\n<p dir=\"ltr\" style=\"text-align: justify;\">Euskal berdeek I\u00f1igo Urkullurekin izan duten lehen bilera da, eta joan zen larunbatean Barakaldon egin zuten II. Batzarraren ondoren iritsi da. Erika Mart\u00ednez eta Ram\u00f3n S\u00e1nchez alderdiko kobozeramaile berriak ofizialki aurkezteaz gain, Batzarrean berretsi ziren eta datozen urteetan alderdiaren ildoa markatuko duten linea politiko berriak azaldu zizkioten lehendakariari. Linea horiek II. batzarrean onartu ziren hiru ebazpenetan daude bilduta <span style=\"font-size: large;\">*<\/span> : \u201cAldaketa Klimatikoa gelditu eta Euskadi babestu\u201d, \u201cEkonomia berdeago bat enplegu egonkorra sortzeko\u201d eta &#8220;Gardentasuna, partaidetza eta gobernantza, baina benetan\u201d.<\/p>\n<p dir=\"ltr\" style=\"text-align: justify;\"><img loading=\"lazy\" decoding=\"async\" class=\"aligncenter size-large wp-image-3493\" src=\"http:\/\/euskadi.partidoequo.es\/wp-content\/uploads\/2017\/05\/2017_05_23_lhk_equo_04-1024x644.jpg\" alt=\"\" width=\"1000\" height=\"629\" srcset=\"https:\/\/euskadi.verdesequo.es\/wp-content\/uploads\/2017\/05\/2017_05_23_lhk_equo_04-1024x644.jpg 1024w, https:\/\/euskadi.verdesequo.es\/wp-content\/uploads\/2017\/05\/2017_05_23_lhk_equo_04-300x189.jpg 300w, https:\/\/euskadi.verdesequo.es\/wp-content\/uploads\/2017\/05\/2017_05_23_lhk_equo_04-768x483.jpg 768w, https:\/\/euskadi.verdesequo.es\/wp-content\/uploads\/2017\/05\/2017_05_23_lhk_equo_04-150x94.jpg 150w\" sizes=\"auto, (max-width: 1000px) 100vw, 1000px\" \/><\/p>\n<p dir=\"ltr\" style=\"text-align: justify;\">Euskal alderdiak, euskal gizartea eta bereziki gazteria jasaten ari den langabezia maila handia murrizteko gai izango den produkzio-eredu bat \u00a0abian jartzeko bere proposamenak helarazi dizkio Urkullu lehendakariari. Industriaren zeregina berriz formulatzea exigitzen du, ingurumen-inpaktu txikiagoa duten sektore edo jarduerak indartzeko; lehen sektorean, nekazaritza-ekologia eta arrantza jasangarria bultzatzea; baso-masa autoktonoak modu jasangarriagoan kudeatzea zuraren sektorea errekuperatzeko; eraikuntza-sektorean, eraikinen birgaitze integrala, energia berriztagarriak eta bio-eraikuntza; hirugarren sektorean, garraio publikoa eta ekonomia zirkularra (berrerabiltzea, birziklatzea eta konpostajea) gehiago bultzatzea. \u201cSektore horiek dira enplegu berdea, egonkorra eta deslokalizaezina sortzeko ahalmena dutenak&#8221; azpimarratu du Erika Mart\u00ednezek.<\/p>\n<p dir=\"ltr\" style=\"text-align: justify;\">Bestalde, alderdiak Lehendakariari eskatu dio aurrezkian, efizientzian eta berriztagarrietan oinarritutako energia-eredu bat berehala gara dezala Euskadirako, klima-aldaketa geldiarazteko eta gure ingurunea babesteko. \u201cKlima-aldaketari buruzko \u201cKlima 2050\u201d estrategia eta Euskadi 2030 Estrategia Energetikoa ez dira nahikoak\u201d, adierazi du Ram\u00f3n S\u00e1nchezek.<\/p>\n<p dir=\"ltr\" style=\"text-align: justify;\">Azkenik, Elkarrekin Podemosen barruko EQUO Euskadiko legebiltzarkide Jos\u00e9 Ram\u00f3n Becerrak eta alderdiko Ekintza Politikoko arduradun Edurne Barandak, alderdiak landu zuen eta iazko martxoaren 12ko Azken Konferentzia Politikoan onartu zen Esparru Politiko berria dokumentua entregatu dute. \u201cEuskadirako esparru politiko berri bat adostu behar da, ez da inposatu behar, eta dinamika sozial berriak bildu behar ditu: zuzeneko demokrazia, eskubide berriak herritarrentzat, jarraibide politikoak gizarte zuzen eta jasangarriagoa eraikitzeko\u201d, adierazi du Becerrak.<\/p>\n<p>\u00a0\u00a0\u00a0\u00a0\u00a0\u00a0\u00a0\u00a0\u00a0\u00a0\u00a0\u00a0\u00a0\u00a0\u00a0\u00a0\u00a0\u00a0\u00a0\u00a0\u00a0\u00a0\u00a0\u00a0\u00a0\u00a0\u00a0\u00a0\u00a0\u00a0\u00a0\u00a0\u00a0\u00a0\u00a0\u00a0\u00a0\u00a0\u00a0\u00a0\u00a0\u00a0\u00a0\u00a0\u00a0\u00a0\u00a0\u00a0\u00a0\u00a0\u00a0\u00a0\u00a0\u00a0\u00a0\u00a0\u00a0\u00a0\u00a0\u00a0\u00a0\u00a0 <iframe loading=\"lazy\" src=\"https:\/\/www.youtube.com\/embed\/2UnjbxlJlk0\" width=\"560\" height=\"315\" frameborder=\"0\" allowfullscreen=\"allowfullscreen\"><\/iframe><\/p>","protected":false},"excerpt":{"rendered":"<p>Alderdiak Lehendakariari eskatu dio aurrezkian, efizientzian eta berriztagarrietan oinarritutako energia-eredu bat berehala gara dezala Euskadirako Lehendakaritzan egin duten bileran, iazko azken Konferentzia Politikoan onartu zen Esparru Politiko Berriaren dokumentua entregatu dute EQUO Euskadi gaur arratsaldean \u00cd\u00f1igo Urkullu lehendakariarekin eta bozeramaile eta Gobernantza Publiko eta Autogobernuko sailburu Josu Erkorekarekin bildu da, Lehendakaritzaren egoitzan. Euskal berdeek I\u00f1igo [&hellip;]<\/p>\n","protected":false},"author":1,"featured_media":3492,"comment_status":"open","ping_status":"open","sticky":false,"template":"","format":"standard","meta":{"footnotes":""},"categories":[42,5],"tags":[],"class_list":{"0":"post-3491","1":"post","2":"type-post","3":"status-publish","4":"format-standard","5":"has-post-thumbnail","7":"category-notasprensa","8":"category-noticias","9":"czr-hentry"},"aioseo_notices":[],"_links":{"self":[{"href":"https:\/\/euskadi.verdesequo.es\/EU\/wp-json\/wp\/v2\/posts\/3491","targetHints":{"allow":["GET"]}}],"collection":[{"href":"https:\/\/euskadi.verdesequo.es\/EU\/wp-json\/wp\/v2\/posts"}],"about":[{"href":"https:\/\/euskadi.verdesequo.es\/EU\/wp-json\/wp\/v2\/types\/post"}],"author":[{"embeddable":true,"href":"https:\/\/euskadi.verdesequo.es\/EU\/wp-json\/wp\/v2\/users\/1"}],"replies":[{"embeddable":true,"href":"https:\/\/euskadi.verdesequo.es\/EU\/wp-json\/wp\/v2\/comments?post=3491"}],"version-history":[{"count":4,"href":"https:\/\/euskadi.verdesequo.es\/EU\/wp-json\/wp\/v2\/posts\/3491\/revisions"}],"predecessor-version":[{"id":3497,"href":"https:\/\/euskadi.verdesequo.es\/EU\/wp-json\/wp\/v2\/posts\/3491\/revisions\/3497"}],"wp:featuredmedia":[{"embeddable":true,"href":"https:\/\/euskadi.verdesequo.es\/EU\/wp-json\/wp\/v2\/media\/3492"}],"wp:attachment":[{"href":"https:\/\/euskadi.verdesequo.es\/EU\/wp-json\/wp\/v2\/media?parent=3491"}],"wp:term":[{"taxonomy":"category","embeddable":true,"href":"https:\/\/euskadi.verdesequo.es\/EU\/wp-json\/wp\/v2\/categories?post=3491"},{"taxonomy":"post_tag","embeddable":true,"href":"https:\/\/euskadi.verdesequo.es\/EU\/wp-json\/wp\/v2\/tags?post=3491"}],"curies":[{"name":"wp","href":"https:\/\/api.w.org\/{rel}","templated":true}]}}