{"id":3283,"date":"2017-04-10T13:12:12","date_gmt":"2017-04-10T11:12:12","guid":{"rendered":"http:\/\/euskadi.partidoequo.es\/?p=3283"},"modified":"2017-04-11T18:48:18","modified_gmt":"2017-04-11T16:48:18","slug":"3283","status":"publish","type":"post","link":"https:\/\/euskadi.verdesequo.es\/EU\/2017\/04\/10\/3283\/","title":{"rendered":"Ekoblogarientzako Topaketa  EQUO Euskadi"},"content":{"rendered":"<p>Equo Euskadiko kideok Ekoblogarientzako Topaketa bat antolatu dugu datorren apirilaren 22rako, larunbata, BIC Bizkaia Ezkerraldean (Bizkaiko Labe Garaiak Hiribidea 34, Barakaldo). Egun osoko Topaketa izango da, baina bi zatitan banatuko da: goizean, 11:30etik 14:15era, eta arratsaldean, 16:30etik 20:00etara.<br \/>\nPrestakuntza- eta elkarrizketa-jarduera bat egiteko asmoarekin antolatu dugu ekimena, sarea erabiltzeak ekintza eta ideia politikoak komunikatzeko eskaintzen dituen aukerei buruzko ekimena, hain zuzen ere.<br \/>\nBlog pertsonalak egiteko oinarrizko trebeziak irakatsi nahi ditugu batetik, eta blog indibidual eta kolektiboen arteko sinergiak aprobetxatzeko estrategiak bilatu bestetik.<\/p>\n<p>Ezbairik gabe, blogak eta sareak komunikazio tresna gisa erabiltzea puri-purian dago gaur egun, eta horregatik gonbidatu nahi zaituztegu gai horri buruzko prestakuntza eta eztabaidarako gunea partekatzera etor zaitezten..<\/p>\n<p><img loading=\"lazy\" decoding=\"async\" class=\" wp-image-3278 alignleft\" src=\"http:\/\/euskadi.partidoequo.es\/wp-content\/uploads\/2017\/04\/ecobloguero-1024x724.jpg\" alt=\"\" width=\"369\" height=\"261\" srcset=\"https:\/\/euskadi.verdesequo.es\/wp-content\/uploads\/2017\/04\/ecobloguero-1024x724.jpg 1024w, https:\/\/euskadi.verdesequo.es\/wp-content\/uploads\/2017\/04\/ecobloguero-300x212.jpg 300w, https:\/\/euskadi.verdesequo.es\/wp-content\/uploads\/2017\/04\/ecobloguero-768x543.jpg 768w, https:\/\/euskadi.verdesequo.es\/wp-content\/uploads\/2017\/04\/ecobloguero-212x150.jpg 212w, https:\/\/euskadi.verdesequo.es\/wp-content\/uploads\/2017\/04\/ecobloguero-150x106.jpg 150w, https:\/\/euskadi.verdesequo.es\/wp-content\/uploads\/2017\/04\/ecobloguero.jpg 1191w\" sizes=\"auto, (max-width: 369px) 100vw, 369px\" \/><\/p>\n<p><strong><u>Goizez<\/u><br \/>\n<\/strong><\/p>\n<p><strong>Hezitzailea<\/strong><strong>: CHRIS MILLER<\/strong><\/p>\n<ul>\n<li>11 h 30 min \u2013 12 h 30 min \u00a0\u00a0 Taller de formaci\u00f3n, El blog como herramienta de dispersi\u00f3n de ideas y conocimientos. Por qu\u00e9 usar Word Press<\/li>\n<li>12 h 30 min \u2013 12 h 45 min \u00a0\u00a0 Descanso<\/li>\n<li>12 h 45 min \u2013 13 h 45 min Taller de formaci\u00f3n. Estructura de un blog. C\u00f3mo crearlo y c\u00f3mo publicar art\u00edculos.<\/li>\n<li>13 h 45 min &#8211; 14 h 15 min\u00a0\u00a0\u00a0\u00a0 Preguntas y debate con el formador.<\/li>\n<\/ul>\n<p>&nbsp;<\/p>\n<p><strong><u>Arratsaldez<\/u><br \/>\n<\/strong><\/p>\n<p><strong>Carmen Mu\u00f1oz<\/strong>, Portavoz del Grupo Municipal de Udalberri en el Ayto. De Bilbao, miembro de EQUO Euskadi y bloguera con el blog \u201cX Ser mujer\u201d.<\/p>\n<p><a href=\"http:\/\/blogs.deia.com\/xsermujer\/\">http:\/\/blogs.deia.com\/xsermujer\/<\/a><\/p>\n<p><a href=\"http:\/\/udalberri.info\/candidaturas\/carmen-munoz-lopez\/\">http:\/\/udalberri.info\/candidaturas\/carmen-munoz-lopez\/<\/a><\/p>\n<ul>\n<li>16 h 30 min \u2013 18 h 30 min Presentaci\u00f3n de experiencias de \u00e9xito (15 min cada ponente)\n<ul>\n<li><strong>Fernando de la Fuente <\/strong>(p\u00e1gina Asturies.com) La experiencia de abrir camino para una lengua minoritaria a trav\u00e9s de la red. 20 a\u00f1os de supervivencia.<\/li>\n<\/ul>\n<\/li>\n<\/ul>\n<p><a href=\"http:\/\/asturies.com\/\">http:\/\/asturies.com\/<\/a><\/p>\n<p><a href=\"http:\/\/www.europapress.es\/asturias\/noticia-portal-asturiescom-cumple-20-anos-futuro-incierto-20170207204724.html\">http:\/\/www.europapress.es\/asturias\/noticia-portal-asturiescom-cumple-20-anos-futuro-incierto-20170207204724.html<\/a><\/p>\n<ul>\n<li><strong>M\u00f3nica de la Parte<\/strong> (revista green-eco en Cantabria) Sacar una revista en papel en el mundo digital.<\/li>\n<\/ul>\n<p><a href=\"http:\/\/greenrevista.es\/\">http:\/\/greenrevista.es\/<\/a><\/p>\n<p><a href=\"http:\/\/asamblea.partidoequo.es\/2016\/10\/21\/monica-de-la-parte\/\">http:\/\/asamblea.partidoequo.es\/2016\/10\/21\/monica-de-la-parte\/<\/a><\/p>\n<ul>\n<li><strong>Roberto Ruiz Robles <\/strong>presidente de la asociaci\u00f3n de ciencias ambientales. El medio ambiente y las redes sociales<\/li>\n<\/ul>\n<p><a href=\"http:\/\/www.iagua.es\/noticias\/espana\/iaguatv\/14\/09\/04\/entrevistamos-roberto-ruiz-robles-presidente-asociacion-ciencias\">http:\/\/www.iagua.es\/noticias\/espana\/iaguatv\/14\/09\/04\/entrevistamos-roberto-ruiz-robles-presidente-asociacion-ciencias<\/a><\/p>\n<p><a href=\"http:\/\/www.iagua.es\/blogs\/roberto-ruiz-robles\">http:\/\/www.iagua.es\/blogs\/roberto-ruiz-robles<\/a><\/p>\n<ul>\n<li><strong>Christina Werckmeister<\/strong> del blog feminista 12 miradas, una visi\u00f3n de un blog colectivo.<\/li>\n<\/ul>\n<p><a href=\"http:\/\/docemiradas.net\/quienes-somos\/\">http:\/\/docemiradas.net\/quienes-somos\/<\/a><\/p>\n<ul>\n<li>18 30 min \u2013 20 h <strong>Mesa redonda<\/strong> con los ponentes anteriores:\n<ul>\n<li>Primera media hora <strong>\u00bfSe puede\/debe usar la red para hacer pol\u00edtica?<\/strong><\/li>\n<li>Segunda media hora <strong>\u00bfc\u00f3mo llegar a la juventud?<\/strong><\/li>\n<li>Tercera media hora <strong>di\u00e1logo con el p\u00fablico<\/strong>.<\/li>\n<\/ul>\n<\/li>\n<\/ul>\n<p>&nbsp;<\/p>\n<p><a href=\"http:\/\/[gview file=&quot;http:\/\/euskadi.partidoequo.es\/wp-content\/uploads\/2017\/04\/ENCUENTRO-ECOBLOGUEROS-BARAKALDO-22-ABRIL-2.pdf&quot;]\">http:\/\/[gview file=&#8221;http:\/\/euskadi.partidoequo.es\/wp-content\/uploads\/2017\/04\/ENCUENTRO-ECOBLOGUEROS-BARAKALDO-22-ABRIL-2.pdf&#8221;]<\/a><\/p>","protected":false},"excerpt":{"rendered":"<p>Equo Euskadiko kideok Ekoblogarientzako Topaketa bat antolatu dugu datorren apirilaren 22rako, larunbata, BIC Bizkaia Ezkerraldean (Bizkaiko Labe Garaiak Hiribidea 34, Barakaldo). Egun osoko Topaketa izango da, baina bi zatitan banatuko da: goizean, 11:30etik 14:15era, eta arratsaldean, 16:30etik 20:00etara. Prestakuntza- eta elkarrizketa-jarduera bat egiteko asmoarekin antolatu dugu ekimena, sarea erabiltzeak ekintza eta ideia politikoak komunikatzeko eskaintzen [&hellip;]<\/p>\n","protected":false},"author":1,"featured_media":3278,"comment_status":"open","ping_status":"open","sticky":false,"template":"","format":"standard","meta":{"footnotes":""},"categories":[42,5],"tags":[745,479],"class_list":{"0":"post-3283","1":"post","2":"type-post","3":"status-publish","4":"format-standard","5":"has-post-thumbnail","7":"category-notasprensa","8":"category-noticias","9":"tag-encuentro-ecobloguero","10":"tag-equo-euskadi","11":"czr-hentry"},"aioseo_notices":[],"_links":{"self":[{"href":"https:\/\/euskadi.verdesequo.es\/EU\/wp-json\/wp\/v2\/posts\/3283","targetHints":{"allow":["GET"]}}],"collection":[{"href":"https:\/\/euskadi.verdesequo.es\/EU\/wp-json\/wp\/v2\/posts"}],"about":[{"href":"https:\/\/euskadi.verdesequo.es\/EU\/wp-json\/wp\/v2\/types\/post"}],"author":[{"embeddable":true,"href":"https:\/\/euskadi.verdesequo.es\/EU\/wp-json\/wp\/v2\/users\/1"}],"replies":[{"embeddable":true,"href":"https:\/\/euskadi.verdesequo.es\/EU\/wp-json\/wp\/v2\/comments?post=3283"}],"version-history":[{"count":6,"href":"https:\/\/euskadi.verdesequo.es\/EU\/wp-json\/wp\/v2\/posts\/3283\/revisions"}],"predecessor-version":[{"id":3299,"href":"https:\/\/euskadi.verdesequo.es\/EU\/wp-json\/wp\/v2\/posts\/3283\/revisions\/3299"}],"wp:featuredmedia":[{"embeddable":true,"href":"https:\/\/euskadi.verdesequo.es\/EU\/wp-json\/wp\/v2\/media\/3278"}],"wp:attachment":[{"href":"https:\/\/euskadi.verdesequo.es\/EU\/wp-json\/wp\/v2\/media?parent=3283"}],"wp:term":[{"taxonomy":"category","embeddable":true,"href":"https:\/\/euskadi.verdesequo.es\/EU\/wp-json\/wp\/v2\/categories?post=3283"},{"taxonomy":"post_tag","embeddable":true,"href":"https:\/\/euskadi.verdesequo.es\/EU\/wp-json\/wp\/v2\/tags?post=3283"}],"curies":[{"name":"wp","href":"https:\/\/api.w.org\/{rel}","templated":true}]}}