{"id":3217,"date":"2017-03-21T19:16:47","date_gmt":"2017-03-21T18:16:47","guid":{"rendered":"http:\/\/euskadi.partidoequo.es\/?p=3217"},"modified":"2017-03-21T19:16:47","modified_gmt":"2017-03-21T18:16:47","slug":"priorizaremos-el-cambio-de-modelo-economico-y-energetico-desde-las-instituciones","status":"publish","type":"post","link":"https:\/\/euskadi.verdesequo.es\/EU\/2017\/03\/21\/priorizaremos-el-cambio-de-modelo-economico-y-energetico-desde-las-instituciones\/","title":{"rendered":"Lehentasuna emango diogu eredu ekonomikoa eta energia-eredua aldatzeari erakundeetatik"},"content":{"rendered":"<p><\/p>\n<style type=\"text\/css\">\n\t<!-- @page { margin: 2cm } P { margin-bottom: 0.21cm; direction: ltr; color: #000000; widows: 0; orphans: 0 } P.western { font-family: \"Times New Roman\", serif; font-size: 12pt; so-language: es-ES } P.cjk { font-family: \"SimSun\", \"\u00cb\u00ce\u00cc\u00e5\"; font-size: 12pt } P.ctl { font-family: \"Mangal\", serif; font-size: 12pt; so-language: hi-IN } STRONG.ctl { font-weight: normal } A.western:link { so-language: zxx } --><br \/>\n\t<\/style>\n<ul>\n<li class=\"western\" style=\"text-align: justify;\"><strong class=\"western\"><span lang=\"eu\">Energia-eredu berri batera igarotzeak, ekonomia zirkularrak eta enpleguaren sorrerak ezarriko dituzte kargudun hautatuok datozen urteetarako ditugun lehentasunak.<\/span><\/strong><\/li>\n<\/ul>\n<p class=\"western\" style=\"text-align: justify;\"><span lang=\"eu\">Martxoaren 18an (larunbata) izandako topaketa batean, EQUOko kargudun hautatuek ibilbide-orri erkide bat adostu dute hainbat gai \u2013hala nola energia-pobrezia eta energia berriztagarriak, klima-aldaketa, hondakinen kudeaketa, mugikortasuna eta enplegu-sorrera\u2013 lehentasunez lantzeko EQUOk ordezkaritza duen erakunde-maila guztietan, eta ekofeminismoaren zeharkako ikuspegitik<\/span><span style=\"font-family: Calibri,sans-serif;\"><span lang=\"eu\">.<\/span><\/span><\/p>\n<p class=\"western\" style=\"text-align: justify;\"><img loading=\"lazy\" decoding=\"async\" class=\"aligncenter size-large wp-image-3218\" src=\"http:\/\/euskadi.partidoequo.es\/wp-content\/uploads\/2017\/03\/foto-foro-concejales-1024x576.jpg\" alt=\"\" width=\"1000\" height=\"563\" srcset=\"https:\/\/euskadi.verdesequo.es\/wp-content\/uploads\/2017\/03\/foto-foro-concejales-1024x576.jpg 1024w, https:\/\/euskadi.verdesequo.es\/wp-content\/uploads\/2017\/03\/foto-foro-concejales-300x169.jpg 300w, https:\/\/euskadi.verdesequo.es\/wp-content\/uploads\/2017\/03\/foto-foro-concejales-768x432.jpg 768w, https:\/\/euskadi.verdesequo.es\/wp-content\/uploads\/2017\/03\/foto-foro-concejales-250x141.jpg 250w, https:\/\/euskadi.verdesequo.es\/wp-content\/uploads\/2017\/03\/foto-foro-concejales-150x84.jpg 150w, https:\/\/euskadi.verdesequo.es\/wp-content\/uploads\/2017\/03\/foto-foro-concejales.jpg 2048w\" sizes=\"auto, (max-width: 1000px) 100vw, 1000px\" \/><\/p>\n<p class=\"western\" style=\"text-align: justify;\"><span lang=\"eu\">Gure ustez, lehentasunezkoa da energia-iturri berriztagarrietan oinarrituta dagoen eta klima-aldaketaren ondorioak arintzen lagunduko duen energia-eredu berri baten zutabeak garatzen jarraitzea.<\/span> <span lang=\"eu\">Horregatik, erabaki da kontsumoaren murrizketa sustatzeko legegintza-ekimenak gauzatzea tokiko eremuan eta autonomia-erkidegoaren eremuan, energia aurrezteko politiken bitartez.<\/span><\/p>\n<p class=\"western\" style=\"text-align: justify;\"><span lang=\"eu\">Estrategikotzat hartzen dugun beste gai bat honako hau da: nola sustatu behar da kontsumo arduratsuan oinarritutako ekonomia zirkularra eta produkzio garbia?<\/span> <span lang=\"eu\">Ildo horretan, Kargudun Berdeen Foroak erabaki du produkzio-prozesuek sortzen dituzten hondakinak murrizteko erabiliko diren politikak eta jardunak bultzatzea, ingurumen-inpaktuak murriztuz eta lanpostu berriak sortzen lagunduz.<\/span><\/p>\n<p class=\"western\">\n<p><\/p>","protected":false},"excerpt":{"rendered":"<p>Energia-eredu berri batera igarotzeak, ekonomia zirkularrak eta enpleguaren sorrerak ezarriko dituzte kargudun hautatuok datozen urteetarako ditugun lehentasunak. Martxoaren 18an (larunbata) izandako topaketa batean, EQUOko kargudun hautatuek ibilbide-orri erkide bat adostu dute hainbat gai \u2013hala nola energia-pobrezia eta energia berriztagarriak, klima-aldaketa, hondakinen kudeaketa, mugikortasuna eta enplegu-sorrera\u2013 lehentasunez lantzeko EQUOk ordezkaritza duen erakunde-maila guztietan, eta ekofeminismoaren zeharkako [&hellip;]<\/p>\n","protected":false},"author":1,"featured_media":3218,"comment_status":"open","ping_status":"open","sticky":false,"template":"","format":"standard","meta":{"footnotes":""},"categories":[42,5],"tags":[707,706,215],"class_list":{"0":"post-3217","1":"post","2":"type-post","3":"status-publish","4":"format-standard","5":"has-post-thumbnail","7":"category-notasprensa","8":"category-noticias","9":"tag-cargos-electos-equo","10":"tag-foro-concejales-verdes","11":"tag-nuevo-modelo-energetico","12":"czr-hentry"},"aioseo_notices":[],"_links":{"self":[{"href":"https:\/\/euskadi.verdesequo.es\/EU\/wp-json\/wp\/v2\/posts\/3217","targetHints":{"allow":["GET"]}}],"collection":[{"href":"https:\/\/euskadi.verdesequo.es\/EU\/wp-json\/wp\/v2\/posts"}],"about":[{"href":"https:\/\/euskadi.verdesequo.es\/EU\/wp-json\/wp\/v2\/types\/post"}],"author":[{"embeddable":true,"href":"https:\/\/euskadi.verdesequo.es\/EU\/wp-json\/wp\/v2\/users\/1"}],"replies":[{"embeddable":true,"href":"https:\/\/euskadi.verdesequo.es\/EU\/wp-json\/wp\/v2\/comments?post=3217"}],"version-history":[{"count":1,"href":"https:\/\/euskadi.verdesequo.es\/EU\/wp-json\/wp\/v2\/posts\/3217\/revisions"}],"predecessor-version":[{"id":3219,"href":"https:\/\/euskadi.verdesequo.es\/EU\/wp-json\/wp\/v2\/posts\/3217\/revisions\/3219"}],"wp:featuredmedia":[{"embeddable":true,"href":"https:\/\/euskadi.verdesequo.es\/EU\/wp-json\/wp\/v2\/media\/3218"}],"wp:attachment":[{"href":"https:\/\/euskadi.verdesequo.es\/EU\/wp-json\/wp\/v2\/media?parent=3217"}],"wp:term":[{"taxonomy":"category","embeddable":true,"href":"https:\/\/euskadi.verdesequo.es\/EU\/wp-json\/wp\/v2\/categories?post=3217"},{"taxonomy":"post_tag","embeddable":true,"href":"https:\/\/euskadi.verdesequo.es\/EU\/wp-json\/wp\/v2\/tags?post=3217"}],"curies":[{"name":"wp","href":"https:\/\/api.w.org\/{rel}","templated":true}]}}