{"id":3180,"date":"2017-03-07T09:44:40","date_gmt":"2017-03-07T08:44:40","guid":{"rendered":"http:\/\/euskadi.partidoequo.es\/?p=3180"},"modified":"2017-03-07T12:02:34","modified_gmt":"2017-03-07T11:02:34","slug":"nos-sumamos-al-paro-feminista-del-8m","status":"publish","type":"post","link":"https:\/\/euskadi.verdesequo.es\/EU\/2017\/03\/07\/nos-sumamos-al-paro-feminista-del-8m\/","title":{"rendered":"EQUOk bat egingo du geldialdi feministarekin"},"content":{"rendered":"<p><\/p>\n<style type=\"text\/css\">\n\t<!-- @page { margin: 2cm } P { margin-bottom: 0.21cm; direction: ltr; color: #000000; widows: 0; orphans: 0 } P.western { font-family: \"Times New Roman\", serif; font-size: 12pt; so-language: es-ES } P.cjk { font-family: \"SimSun\", \"\u00cb\u00ce\u00cc\u00e5\"; font-size: 12pt } P.ctl { font-family: \"Mangal\", serif; font-size: 12pt; so-language: hi-IN } --><br \/>\t<\/style>\n<ul>\n<li>\n<p lang=\"eu\" align=\"JUSTIFY\">Alderdi berdea bat dator erakunde feministek deitu duten geldialdiarekin, eta Euskadiko hainbat tokitan egingo diren elkarretaratze eta manifestazioetara joatera animatzen du<\/p>\n<\/li>\n<\/ul>\n<p lang=\"eu\" align=\"JUSTIFY\">EQUO alderdi berdeak martxoaren 8an desparekotasuna salatzeko eta emakumeen eskubideak aldarrikatzeko deitu den emakumeen nazioarteko geldialdiarekin bat egiten du.<\/p>\n<p lang=\"eu\" align=\"JUSTIFY\">EQUO emakume-sareak, baita EQUOko emakume langileek ere, geldialdia egingo dute asteazkenean 12:00etatik 12:30era arte. Era berean, kausa horri lotuta deitutako elkarretaratze eta manifestazioetan parte hartzera animatzen du alderdi berdeak.<\/p>\n<p class=\"western\" lang=\"eu\" align=\"JUSTIFY\"><img loading=\"lazy\" decoding=\"async\" class=\"aligncenter size-large wp-image-3181\" src=\"http:\/\/euskadi.partidoequo.es\/wp-content\/uploads\/2017\/03\/8m-1024x512.jpg\" alt=\"\" width=\"1000\" height=\"500\" srcset=\"https:\/\/euskadi.verdesequo.es\/wp-content\/uploads\/2017\/03\/8m.jpg 1024w, https:\/\/euskadi.verdesequo.es\/wp-content\/uploads\/2017\/03\/8m-300x150.jpg 300w, https:\/\/euskadi.verdesequo.es\/wp-content\/uploads\/2017\/03\/8m-768x384.jpg 768w, https:\/\/euskadi.verdesequo.es\/wp-content\/uploads\/2017\/03\/8m-250x125.jpg 250w, https:\/\/euskadi.verdesequo.es\/wp-content\/uploads\/2017\/03\/8m-150x75.jpg 150w\" sizes=\"auto, (max-width: 1000px) 100vw, 1000px\" \/><\/p>\n<p lang=\"eu\" align=\"JUSTIFY\">EQUOtik aldarrikatzen dute politika guztietan berdintasuna zeharka barne hartu behar dela eta soldata-aldea edota etengabeko indarkeria matxista bezalako gaiak geldiarazteko neurri eraginkorrak hartu behar direla. Alderdi berdearen ustez beharrezkoa da berdintasunaren printzipioak praktikan jartzea, ekofeminismotik abiatuz genero-desparekotasuna, injustizia soziala eta ekologiaren jasangarritasunik eza amaitzen lagunduko duten proposamenekin.<\/p>\n<p lang=\"eu\" align=\"JUSTIFY\">EQUOko bozeramailekide eta diputatu Rosa Mart\u00ednezek ekintzarekin bat datorrela adierazi du. \u201cEmakumeen eskubideen aldeko mobilizazioak, adibidez Polonian eta Ameriketako Estatu Batuetan, garrantzi handia hartzen ari dira politika atzerakoi, xenofobo eta autoritarioen aurrean. Bidezko alternatiba bat eraiki ahal izateko, biztanleen erdiaren berdintasunean oinarritu behar dugu\u201d.<\/p>\n<p lang=\"eu\" align=\"JUSTIFY\"><a href=\"http:\/\/euskadi.partidoequo.es\/EU\/2017\/03\/06\/3166\/\">Irakurri gure adierazpena<\/a><\/p>\n<p><\/p>","protected":false},"excerpt":{"rendered":"<p>Alderdi berdea bat dator erakunde feministek deitu duten geldialdiarekin, eta Euskadiko hainbat tokitan egingo diren elkarretaratze eta manifestazioetara joatera animatzen du EQUO alderdi berdeak martxoaren 8an desparekotasuna salatzeko eta emakumeen eskubideak aldarrikatzeko deitu den emakumeen nazioarteko geldialdiarekin bat egiten du. EQUO emakume-sareak, baita EQUOko emakume langileek ere, geldialdia egingo dute asteazkenean 12:00etatik 12:30era arte. Era [&hellip;]<\/p>\n","protected":false},"author":1,"featured_media":3181,"comment_status":"open","ping_status":"open","sticky":false,"template":"","format":"standard","meta":{"footnotes":""},"categories":[1],"tags":[],"class_list":{"0":"post-3180","1":"post","2":"type-post","3":"status-publish","4":"format-standard","5":"has-post-thumbnail","7":"category-sin-categoria","8":"czr-hentry"},"aioseo_notices":[],"_links":{"self":[{"href":"https:\/\/euskadi.verdesequo.es\/EU\/wp-json\/wp\/v2\/posts\/3180","targetHints":{"allow":["GET"]}}],"collection":[{"href":"https:\/\/euskadi.verdesequo.es\/EU\/wp-json\/wp\/v2\/posts"}],"about":[{"href":"https:\/\/euskadi.verdesequo.es\/EU\/wp-json\/wp\/v2\/types\/post"}],"author":[{"embeddable":true,"href":"https:\/\/euskadi.verdesequo.es\/EU\/wp-json\/wp\/v2\/users\/1"}],"replies":[{"embeddable":true,"href":"https:\/\/euskadi.verdesequo.es\/EU\/wp-json\/wp\/v2\/comments?post=3180"}],"version-history":[{"count":7,"href":"https:\/\/euskadi.verdesequo.es\/EU\/wp-json\/wp\/v2\/posts\/3180\/revisions"}],"predecessor-version":[{"id":3188,"href":"https:\/\/euskadi.verdesequo.es\/EU\/wp-json\/wp\/v2\/posts\/3180\/revisions\/3188"}],"wp:featuredmedia":[{"embeddable":true,"href":"https:\/\/euskadi.verdesequo.es\/EU\/wp-json\/wp\/v2\/media\/3181"}],"wp:attachment":[{"href":"https:\/\/euskadi.verdesequo.es\/EU\/wp-json\/wp\/v2\/media?parent=3180"}],"wp:term":[{"taxonomy":"category","embeddable":true,"href":"https:\/\/euskadi.verdesequo.es\/EU\/wp-json\/wp\/v2\/categories?post=3180"},{"taxonomy":"post_tag","embeddable":true,"href":"https:\/\/euskadi.verdesequo.es\/EU\/wp-json\/wp\/v2\/tags?post=3180"}],"curies":[{"name":"wp","href":"https:\/\/api.w.org\/{rel}","templated":true}]}}