{"id":3037,"date":"2017-02-01T10:21:40","date_gmt":"2017-02-01T09:21:40","guid":{"rendered":"http:\/\/euskadi.partidoequo.es\/?p=3037"},"modified":"2017-02-01T14:02:43","modified_gmt":"2017-02-01T13:02:43","slug":"lopez-de-uralde-exige-al-gobierno-que-tome-medidas-ante-la-peticion-de-cese-del-presidente-del-csn","status":"publish","type":"post","link":"https:\/\/euskadi.verdesequo.es\/EU\/2017\/02\/01\/lopez-de-uralde-exige-al-gobierno-que-tome-medidas-ante-la-peticion-de-cese-del-presidente-del-csn\/","title":{"rendered":"Segurtasun Nuklearreko Kontseiluaren presidenteak kargua uzteko eskaeraren aurrean neurriak hartzeko eskatuko dio Gobernuari L\u00f3pez de Uralde jaunak"},"content":{"rendered":"<p><\/p>\n<ul>\n<li style=\"text-align: justify;\"><em><strong>Elkarrekin Ahal dugu alderdi barruko EQUOren diputatuak galdera bat erregistratu du, Segurtasun Nuklearreko Kontseiluaren (SNK) presidente Fernando Mart\u00ed jaunak kargua uzteko eskaeraren aurrean Gobernuak zer neurri hartuko dituen jakin nahi duelako; izan ere, Arabako 17 udalerrik eskatu dute haren kargu-uztea.<\/strong><\/em><\/li>\n<li style=\"text-align: justify;\"><em><strong>Mart\u00ed jaunak karguaren jardueran izan duen \u201copakutasun eta partzialtasun frogatuarengatik\u201d eskatu dute haren kargu-uztea, Santa Maria de Garo\u00f1ako zentral nuklearra berriz irekitzearekin lotuta.<\/strong><\/em><\/li>\n<\/ul>\n<p style=\"text-align: justify;\">EQUOren bozeramaile federal eta Elkarrekin Ahal dugu alderdiko diputatu Juantxo L\u00f3pez de Uralde jaunak neurriak hartzeko eskatu dio Gobernuari; izan ere, Arabako alkateen heren batek \u201351 udalerritatik 17k\u2013 sinatu baitu Fernando Mart\u00ed Segurtasun Nuklearreko Kontseiluaren (SNK) presidentearen kargu-uztea eskatzeko agiria. L\u00f3pez de Uralde jaunaren ustez, eskaera horrekin berriro ere frogatuta dago ez erakundeek, ez herritarrek ez dutela konfiantzarik SNKrekin, organo horrek konpainia elektrikoen interes politiko eta partikularrei ematen baitie lehentasuna herritarren osasunaren eta segurtasunaren gainetik.<\/p>\n<p style=\"text-align: justify;\">Udalerri horien arabera, Mart\u00ed jaunak \u201copakutasunez\u201d jarduten du karguan eta \u201cpartzialtasunez\u201d jokatu du Santa Mar\u00eda de Garo\u00f1ako zentral nuklearra berriz irekitzeko aukerari dagokionez. \u201cGobernuak errejidore arabar horien erreklamazioa aintzat hartuko ote duen jakin nahi dugu, baina horretaz gain, kargu-uzteko eskaera horren aurrean zehatz-mehatz zer neurri hartuko dituen ere jakin nahi dugu\u201d, esan du Juantxo L\u00f3pez de Uralde jaunak. EQUOren bozeramailearen ustez, Garo\u00f1a \u201cproba-bankua izango da, parke nuklearraren bizitza 60 urtera arte luzatzeko\u201d.<\/p>\n<p style=\"text-align: justify;\">Diputatuak Legez besteko proposamena aurkeztu zuen duela zenbait aste Kongresuan; bertan, zentral nuklearrak arian-arian ixteko proposatu zuen, ustiapen-baimenak iraungi ahala. Zehazki, Elkarrekin Ahal dugu alderdiak honako egutegi hau proposatu du zentral nuklearrak ixteko: Garo\u00f1a, berriz ez irekitzea; Almaraz I, 2020; Almaraz II, 2020; Asc\u00f3 I, 2021; Cofrentes, 2021; Asc\u00f3 II, 2021; Vandell\u00f3s, 2020; eta azkenik, Trillo, 2024.<\/p>\n<p><\/p>","protected":false},"excerpt":{"rendered":"<p>Elkarrekin Ahal dugu alderdi barruko EQUOren diputatuak galdera bat erregistratu du, Segurtasun Nuklearreko Kontseiluaren (SNK) presidente Fernando Mart\u00ed jaunak kargua uzteko eskaeraren aurrean Gobernuak zer neurri hartuko dituen jakin nahi duelako; izan ere, Arabako 17 udalerrik eskatu dute haren kargu-uztea. Mart\u00ed jaunak karguaren jardueran izan duen \u201copakutasun eta partzialtasun frogatuarengatik\u201d eskatu dute haren kargu-uztea, Santa [&hellip;]<\/p>\n","protected":false},"author":1,"featured_media":2179,"comment_status":"open","ping_status":"open","sticky":false,"template":"","format":"standard","meta":{"footnotes":""},"categories":[1],"tags":[624,617,339,8,207,478,665,666],"class_list":{"0":"post-3037","1":"post","2":"type-post","3":"status-publish","4":"format-standard","5":"has-post-thumbnail","7":"category-sin-categoria","8":"tag-cese","9":"tag-consejo-de-seguridad-nuclear","10":"tag-csn","11":"tag-equo","12":"tag-garona","13":"tag-juantxo-lopez-de-uralde","14":"tag-presidente","15":"tag-unidos-podemos","16":"czr-hentry"},"aioseo_notices":[],"_links":{"self":[{"href":"https:\/\/euskadi.verdesequo.es\/EU\/wp-json\/wp\/v2\/posts\/3037","targetHints":{"allow":["GET"]}}],"collection":[{"href":"https:\/\/euskadi.verdesequo.es\/EU\/wp-json\/wp\/v2\/posts"}],"about":[{"href":"https:\/\/euskadi.verdesequo.es\/EU\/wp-json\/wp\/v2\/types\/post"}],"author":[{"embeddable":true,"href":"https:\/\/euskadi.verdesequo.es\/EU\/wp-json\/wp\/v2\/users\/1"}],"replies":[{"embeddable":true,"href":"https:\/\/euskadi.verdesequo.es\/EU\/wp-json\/wp\/v2\/comments?post=3037"}],"version-history":[{"count":4,"href":"https:\/\/euskadi.verdesequo.es\/EU\/wp-json\/wp\/v2\/posts\/3037\/revisions"}],"predecessor-version":[{"id":3044,"href":"https:\/\/euskadi.verdesequo.es\/EU\/wp-json\/wp\/v2\/posts\/3037\/revisions\/3044"}],"wp:featuredmedia":[{"embeddable":true,"href":"https:\/\/euskadi.verdesequo.es\/EU\/wp-json\/wp\/v2\/media\/2179"}],"wp:attachment":[{"href":"https:\/\/euskadi.verdesequo.es\/EU\/wp-json\/wp\/v2\/media?parent=3037"}],"wp:term":[{"taxonomy":"category","embeddable":true,"href":"https:\/\/euskadi.verdesequo.es\/EU\/wp-json\/wp\/v2\/categories?post=3037"},{"taxonomy":"post_tag","embeddable":true,"href":"https:\/\/euskadi.verdesequo.es\/EU\/wp-json\/wp\/v2\/tags?post=3037"}],"curies":[{"name":"wp","href":"https:\/\/api.w.org\/{rel}","templated":true}]}}