{"id":2966,"date":"2017-01-24T12:57:22","date_gmt":"2017-01-24T11:57:22","guid":{"rendered":"http:\/\/euskadi.partidoequo.es\/?p=2966"},"modified":"2017-01-24T12:57:22","modified_gmt":"2017-01-24T11:57:22","slug":"equo-califica-de-aberrante-el-informe-del-csn-para-la-reapertura-de-garona","status":"publish","type":"post","link":"https:\/\/euskadi.verdesequo.es\/EU\/2017\/01\/24\/equo-califica-de-aberrante-el-informe-del-csn-para-la-reapertura-de-garona\/","title":{"rendered":"EQUOk zentzugabetzat jo du Segurtasun Nuklearreko Kontseiluak Garo\u00f1a berriro irekitzeko egin duen txostena"},"content":{"rendered":"<p><\/p>\n<ul>\n<li style=\"text-align: justify;\">Adierazi du PP azken urteetan zentral nuklearrei egindako eskakizunak murrizten ari dela haien funtzionamendua luzatu ahal izateko<\/li>\n<li style=\"text-align: justify;\">Alderdi ekologistak PSOE eta Ciudadanos alderdiei eskatu die emandako hitza bete dezatela eta zentrala berriz ireki dadin eragotzi dezatela<\/li>\n<\/ul>\n<p style=\"text-align: justify;\">\nEQUOren bozeramaile Juantxo L\u00f3pez de Uraldek gaitzetsi egin du Segurtasun Nuklearreko Kontseiluaren (CSN) zuzendaritza teknikoak Burgosko Garo\u00f1ako zentrala berriz irekitzeko aukera abalatuko duela iragarri izana. Uste du erabakia %\u00a0100 politikoa dela, PPk bultzatu duela, CSNren osoko bilkura kontrolatzen duelako eta azken urteetan zentral nuklearrei egindako eskakizunak murrizten ari dela haien funtzionamendua luzatu ahal izateko, betiere segurtasuna murriztuz eta ingurumena kaltetuz. \u201cGaro\u00f1a erabili dute aurrekari bat ezartzeko. Burgosko zentralarekin, gainerako zentral nuklearren biziraupena luzatzeko bidea erraztuko dien formula garatu dute. Ixteko epeak ezarri ere ez dituzte egin. Hori ez zen orain arte inoiz gertatu. Noiz arte izango dute irekita, eztanda egin arte? Zentzugabea da.\u201d, adierazi du L\u00f3pez de Uraldek.<\/p>\n<p style=\"text-align: justify;\">\nEQUOren bozeramaileak PSOE eta Ciudadanos alderdiei eskatu die emandako hitza bete dezatela eta zentrala berriz ireki dadin eragotzi dezatela. \u201cAlderdi horiek berriz irekitzearen aurka agertu dira. Balia dezatela euren bazkide-izaera eta eska diezaiotela PPri Garo\u00f1aren itxiera, legebiltzarreko gehiengoak eskatzen duenari jarraikiz. Bete dezatela emandako hitza\u201d.<\/p>\n<p style=\"text-align: justify;\">\nL\u00f3pez de Uraldek, gainera, azpimarratu du PP Nuclenorren esku uzten ari dela \u201coso boteretsua\u201d den tresna bat, hots, lortu gabeko irabazia, Garo\u00f1a irekitzen ez bada herritar guztiak Nuclenorri ordaintzera behartuko dituena. &#8220;Nuklearrak euren biziraupenaren azken fasean daude, eta elektrizitate-enpresek etekinak azken uneraino ustiatu nahi dituzte. Eta PP hori egiteko erraztasunak ematen ari zaizkie&#8221;.<br \/>\nUnidos Podemoseko diputatuak Legez Besteko Proposamen bat aurkeztu du Kongresuan, proposatuz zentral nuklearrak itxi egin behar direla beren ustiapen-baimenak muga-egunera iristen diren heinean, hau da, itzalaldi nuklearra 2024. urtean. Unidos Podemosek proposatzen duen itxiera-egutegi zehatza honako hau da: Garo\u00f1a, berriz ez irekitzea; Almaraz I, 2020; Almaraz II, 2020; Asc\u00f3 I, 2021; Cofrentes, 2021; Asc\u00f3 II, 2021; Vandell\u00f3s, 2020; eta azkenik, Trillo, 2024.<\/p>\n<p style=\"text-align: justify;\">\nBestalde, Elkarrekin Podemosen dagoen EQUOko legebiltzarkide Jos\u00e9 Ram\u00f3n Becerrak datorren ostegunean eskatuko du Eusko Legebiltzarrak Iberdrola eta Endesa enpresei berriz irekitzeko egin zuten eskaera bertan behera uzteko eska diezaiela.<\/p>\n<p style=\"text-align: justify;\">\nAzkenik, EQUOk herritarrei eskatzen die Garo\u00f1aren aurkako Foroak datorren ostegunerako deitu duen elkarretaratzean parte har dezatela, 13:00etan, Eusko Legebiltzarraren aurrean; berdeen diputatu Juantxo L\u00f3pez de Uralde bertan izango da.<\/p>\n<p><\/p>","protected":false},"excerpt":{"rendered":"<p>Adierazi du PP azken urteetan zentral nuklearrei egindako eskakizunak murrizten ari dela haien funtzionamendua luzatu ahal izateko Alderdi ekologistak PSOE eta Ciudadanos alderdiei eskatu die emandako hitza bete dezatela eta zentrala berriz ireki dadin eragotzi dezatela EQUOren bozeramaile Juantxo L\u00f3pez de Uraldek gaitzetsi egin du Segurtasun Nuklearreko Kontseiluaren (CSN) zuzendaritza teknikoak Burgosko Garo\u00f1ako zentrala berriz [&hellip;]<\/p>\n","protected":false},"author":1,"featured_media":2967,"comment_status":"open","ping_status":"open","sticky":false,"template":"","format":"standard","meta":{"footnotes":""},"categories":[1],"tags":[652,207,651,483,653],"class_list":{"0":"post-2966","1":"post","2":"type-post","3":"status-publish","4":"format-standard","5":"has-post-thumbnail","7":"category-sin-categoria","8":"tag-foro-concrta-garona","9":"tag-garona","10":"tag-informe-csn","11":"tag-juantxo","12":"tag-manifestacion-lopez-de-uralde","13":"czr-hentry"},"aioseo_notices":[],"_links":{"self":[{"href":"https:\/\/euskadi.verdesequo.es\/EU\/wp-json\/wp\/v2\/posts\/2966","targetHints":{"allow":["GET"]}}],"collection":[{"href":"https:\/\/euskadi.verdesequo.es\/EU\/wp-json\/wp\/v2\/posts"}],"about":[{"href":"https:\/\/euskadi.verdesequo.es\/EU\/wp-json\/wp\/v2\/types\/post"}],"author":[{"embeddable":true,"href":"https:\/\/euskadi.verdesequo.es\/EU\/wp-json\/wp\/v2\/users\/1"}],"replies":[{"embeddable":true,"href":"https:\/\/euskadi.verdesequo.es\/EU\/wp-json\/wp\/v2\/comments?post=2966"}],"version-history":[{"count":2,"href":"https:\/\/euskadi.verdesequo.es\/EU\/wp-json\/wp\/v2\/posts\/2966\/revisions"}],"predecessor-version":[{"id":2969,"href":"https:\/\/euskadi.verdesequo.es\/EU\/wp-json\/wp\/v2\/posts\/2966\/revisions\/2969"}],"wp:featuredmedia":[{"embeddable":true,"href":"https:\/\/euskadi.verdesequo.es\/EU\/wp-json\/wp\/v2\/media\/2967"}],"wp:attachment":[{"href":"https:\/\/euskadi.verdesequo.es\/EU\/wp-json\/wp\/v2\/media?parent=2966"}],"wp:term":[{"taxonomy":"category","embeddable":true,"href":"https:\/\/euskadi.verdesequo.es\/EU\/wp-json\/wp\/v2\/categories?post=2966"},{"taxonomy":"post_tag","embeddable":true,"href":"https:\/\/euskadi.verdesequo.es\/EU\/wp-json\/wp\/v2\/tags?post=2966"}],"curies":[{"name":"wp","href":"https:\/\/api.w.org\/{rel}","templated":true}]}}